{"id":5186,"date":"2017-07-21T09:20:28","date_gmt":"2017-07-21T12:20:28","guid":{"rendered":"http:\/\/www.sertsc.org.br\/site\/?p=5186"},"modified":"2017-07-21T09:20:28","modified_gmt":"2017-07-21T12:20:28","slug":"reforma-trabalhista-e-publicada-no-diario-oficial-da-uniao","status":"publish","type":"post","link":"https:\/\/sertsc.org.br\/site\/reforma-trabalhista-e-publicada-no-diario-oficial-da-uniao\/","title":{"rendered":"Reforma trabalhista \u00e9 publicada no &#8216;Di\u00e1rio Oficial da Uni\u00e3o&#8217;"},"content":{"rendered":"<p class=\"content-head__subtitle\" style=\"text-align: justify;\">Mudan\u00e7a na Consolida\u00e7\u00e3o das Leis Trabalhistas (CLT) foi sancionada pelo presidente Michel Temer nesta quinta (13). Texto aprovado pelo Congresso Nacional foi sancionado sem vetos.<\/p>\n<p class=\"content-text__container theme-color-primary-first-letter\" style=\"text-align: justify;\" data-track-category=\"Link no Texto\" data-track-links=\"\">A lei que altera a legisla\u00e7\u00e3o trabalhista foi publicada na edi\u00e7\u00e3o desta sexta-feira (14) do &#8220;Di\u00e1rio Oficial do Uni\u00e3o&#8221;. O texto havia sido\u00a0<a href=\"http:\/\/g1.globo.com\/politica\/noticia\/temer-sanciona-texto-da-reforma-trabalhista-em-solenidade-no-planalto.ghtml\">sancionado nesta quinta (13)<\/a>\u00a0pelo presidente Michel Temer em uma cerim\u00f4nia no Pal\u00e1cio do Planalto.<\/p>\n<p class=\"content-text__container \" style=\"text-align: justify;\" data-track-category=\"Link no Texto\" data-track-links=\"\">As mudan\u00e7as aprovadas pelo Congresso Nacional na Consolida\u00e7\u00e3o das Leis Trabalhistas (CLT) foram sancionadas sem vetos pelo chefe do Executivo federal.<\/p>\n<p class=\"content-text__container \" style=\"text-align: justify;\" data-track-category=\"Link no Texto\" data-track-links=\"\">A nova legisla\u00e7\u00e3o altera regras da Consolida\u00e7\u00e3o das Leis do Trabalho (CLT) e prev\u00ea pontos que poder\u00e3o ser negociados entre empregadores e empregados e, em caso de acordo coletivo, passar\u00e3o a ter for\u00e7a de lei. As novas regras entrar\u00e3o em vigor daqui a quatro meses, conforme previsto na nova legisla\u00e7\u00e3o.<\/p>\n<p class=\"content-text__container \" style=\"text-align: justify;\" data-track-category=\"Link no Texto\" data-track-links=\"\">Aprovado pela C\u00e2mara em abril, o projeto da reforma trabalhista foi aprovado pelo Senado na \u00faltima ter\u00e7a-feira (11) em uma sess\u00e3o tumultuada.<\/p>\n<p class=\"content-text__container \" style=\"text-align: justify;\" data-track-category=\"Link no Texto\" data-track-links=\"\">Com a reforma trabalhista, a negocia\u00e7\u00e3o entre empresas e trabalhadores prevalecer\u00e1 sobre a lei em pontos como parcelamento das f\u00e9rias, flexibiliza\u00e7\u00e3o da jornada, participa\u00e7\u00e3o nos lucros e resultados, intervalo de almo\u00e7o, plano de cargos e sal\u00e1rios e banco de horas.<\/p>\n<p class=\"content-text__container \" style=\"text-align: justify;\" data-track-category=\"Link no Texto\" data-track-links=\"\">Outros pontos, como FGTS, sal\u00e1rio m\u00ednimo, 13\u00ba sal\u00e1rio, seguro-desemprego, benef\u00edcios previdenci\u00e1rios, licen\u00e7a-maternidade, por\u00e9m, n\u00e3o poder\u00e3o ser negociados.<\/p>\n<p class=\"content-text__container \" style=\"text-align: justify;\" data-track-category=\"Link no Texto\" data-track-links=\"\">O governo ainda poder\u00e1 editar uma Medida Provis\u00f3ria com novas altera\u00e7\u00f5es na lei trabalhista. A alternativa foi negociada para acelerar a tramita\u00e7\u00e3o da proposta no Congresso.<\/p>\n<p class=\"content-text__container \" style=\"text-align: justify;\" data-track-category=\"Link no Texto\" data-track-links=\"\"><a href=\"http:\/\/sindiradio.org.br\/useruploads\/files\/comparativo-reforma.pdf\">Clique aqui para visualizar o material comparativo sobre as mudan\u00e7as, desenvolvido pelo Escrit\u00f3rio BMA.<\/a><\/p>\n<p class=\"content-text__container \" style=\"text-align: justify;\" data-track-category=\"Link no Texto\" data-track-links=\"\">Fonte: G1.<\/p>\n<div class=\"mc-column content-text active-extra-styles \" style=\"text-align: justify;\" data-block-type=\"unstyled\" data-block-weight=\"14\"><\/div>\n","protected":false},"excerpt":{"rendered":"<p>Mudan\u00e7a na Consolida\u00e7\u00e3o das Leis Trabalhistas (CLT) foi sancionada pelo&hellip;<\/p>\n<p> <a class=\"more-link\" href=\"https:\/\/sertsc.org.br\/site\/reforma-trabalhista-e-publicada-no-diario-oficial-da-uniao\/\">Leia mais<\/a><\/p>\n","protected":false},"author":1,"featured_media":5187,"comment_status":"closed","ping_status":"open","sticky":false,"template":"","format":"standard","meta":{"footnotes":""},"categories":[3],"tags":[],"class_list":{"0":"post-5186","1":"post","2":"type-post","3":"status-publish","4":"format-standard","5":"has-post-thumbnail","7":"category-noticias"},"_links":{"self":[{"href":"https:\/\/sertsc.org.br\/site\/wp-json\/wp\/v2\/posts\/5186","targetHints":{"allow":["GET"]}}],"collection":[{"href":"https:\/\/sertsc.org.br\/site\/wp-json\/wp\/v2\/posts"}],"about":[{"href":"https:\/\/sertsc.org.br\/site\/wp-json\/wp\/v2\/types\/post"}],"author":[{"embeddable":true,"href":"https:\/\/sertsc.org.br\/site\/wp-json\/wp\/v2\/users\/1"}],"replies":[{"embeddable":true,"href":"https:\/\/sertsc.org.br\/site\/wp-json\/wp\/v2\/comments?post=5186"}],"version-history":[{"count":0,"href":"https:\/\/sertsc.org.br\/site\/wp-json\/wp\/v2\/posts\/5186\/revisions"}],"wp:featuredmedia":[{"embeddable":true,"href":"https:\/\/sertsc.org.br\/site\/wp-json\/"}],"wp:attachment":[{"href":"https:\/\/sertsc.org.br\/site\/wp-json\/wp\/v2\/media?parent=5186"}],"wp:term":[{"taxonomy":"category","embeddable":true,"href":"https:\/\/sertsc.org.br\/site\/wp-json\/wp\/v2\/categories?post=5186"},{"taxonomy":"post_tag","embeddable":true,"href":"https:\/\/sertsc.org.br\/site\/wp-json\/wp\/v2\/tags?post=5186"}],"curies":[{"name":"wp","href":"https:\/\/api.w.org\/{rel}","templated":true}]}}