{"id":5179,"date":"2017-07-20T11:44:04","date_gmt":"2017-07-20T14:44:04","guid":{"rendered":"http:\/\/www.sertsc.org.br\/site\/?p=5179"},"modified":"2017-07-20T11:44:04","modified_gmt":"2017-07-20T14:44:04","slug":"congressos-debatem-modernizacao-da-radiodifusao","status":"publish","type":"post","link":"https:\/\/sertsc.org.br\/site\/congressos-debatem-modernizacao-da-radiodifusao\/","title":{"rendered":"Congressos debatem moderniza\u00e7\u00e3o da radiodifus\u00e3o"},"content":{"rendered":"<p style=\"text-align: justify;\">As associa\u00e7\u00f5es estaduais de radiodifus\u00e3o j\u00e1 est\u00e3o em ritmo de preparativos para os congressos e semin\u00e1rios que discutir\u00e3o as perspectivas e o futuro do setor.<\/p>\n<p style=\"text-align: justify;\">Nos dias 4, 5 e 6 de setembro, a <strong>Associa\u00e7\u00e3o Cearense de Emissoras de R\u00e1dio e Televis\u00e3o (Acert)<\/strong> realizar\u00e1 mais uma edi\u00e7\u00e3o do congresso \u201c<strong>Fala Nordeste<\/strong>!\u201d.<\/p>\n<p style=\"text-align: justify;\">Profissionais de comunica\u00e7\u00e3o e radiodifusores de toda a regi\u00e3o poder\u00e3o participar de diversas palestras que debater\u00e3o a expans\u00e3o da TV digital no Brasil, as novas tecnologias para o r\u00e1dio e as tend\u00eancias do mercado publicit\u00e1rio.<\/p>\n<p style=\"text-align: justify;\">A presidente da Acert, Carmen Lucia Dummar Azulai, afirma que o Fala Nordeste! tem como um dos objetivos preparar ainda mais o radiodifusor a lidar com as novas tecnologias. \u201cO evento tem como tema a Intelig\u00eancia Criativa na Gera\u00e7\u00e3o de Neg\u00f3cios da Comunica\u00e7\u00e3o. Nosso neg\u00f3cio se amplia com a chegada de novas tecnologias e redes sociais. Precisamos debater formas de explorar melhor estas possibilidades e, assim, de continuarmos crescendo\u201d, diz.<\/p>\n<p style=\"text-align: justify;\">As inscri\u00e7\u00f5es j\u00e1 est\u00e3o abertas e podem ser feitas pelo site: <a href=\"http:\/\/falanortenordeste.com.br\/\" target=\"_blank\" rel=\"noopener noreferrer\">http:\/\/falanortenordeste.com.br\/<\/a> .<\/p>\n<p style=\"text-align: justify;\"><strong>Congresso Aerp<\/strong><\/p>\n<p style=\"text-align: justify;\">Tamb\u00e9m em setembro, entre os dias 27 e 29, ser\u00e1 realizado o <strong>24\u00ba Congresso Paranaense de Radiodifus\u00e3o<\/strong>, em Curitiba.<\/p>\n<p style=\"text-align: justify;\">Promovido pela<strong> Associa\u00e7\u00e3o das Emissoras de Radiodifus\u00e3o do Paran\u00e1 (Aerp)<\/strong>, os congressistas poder\u00e3o participar de workshops sobre temas variados como produ\u00e7\u00e3o de spots e chamadas, regulagem de \u00e1udio e t\u00e9cnicas de vendas. Na Feira Nacional de Equipamentos, os participantes poder\u00e3o ver de perto as novidades da \u00e1rea t\u00e9cnica da radiodifus\u00e3o, com os equipamentos de alta tecnologia que ser\u00e3o expostos.<\/p>\n<p style=\"text-align: justify;\">O presidente da Aerp, Alexandre Barros, ressalta a import\u00e2ncia do evento para o fortalecimento do setor. \u201c<em>O congresso \u00e9 um espa\u00e7o de constru\u00e7\u00e3o e de di\u00e1logo para encontrarmos caminhos comuns que possam deixar o setor ainda mais forte<\/em>\u201d, diz.<\/p>\n<p style=\"text-align: justify;\">Informa\u00e7\u00f5es sobre o evento no site: <a href=\"http:\/\/aerp.org.br\/congresso\/.\" target=\"_blank\" rel=\"noopener noreferrer\">http:\/\/aerp.org.br\/congresso\/.<\/a><\/p>\n<p style=\"text-align: justify;\"><strong>Rio Grande do Sul<\/strong><\/p>\n<p style=\"text-align: justify;\">J\u00e1 no m\u00eas de outubro, os radiodifusores da regi\u00e3o sul poder\u00e3o participar do o <strong>24\u00ba Congresso Ga\u00facho de R\u00e1dio e Televis\u00e3o<\/strong>.<\/p>\n<p style=\"text-align: justify;\">O evento reunir\u00e1 engenheiros e empres\u00e1rios do setor para discutir os principais assuntos da radiodifus\u00e3o brasileira, como a migra\u00e7\u00e3o do r\u00e1dio AM para FM e o fim do sinal anal\u00f3gico.<\/p>\n<p style=\"text-align: justify;\">Promovido pela <strong>Associa\u00e7\u00e3o Ga\u00facha de Emissoras de R\u00e1dio e Televis\u00e3o (Agert)<\/strong>, o congresso ser\u00e1 realizado no Hotel Continental, em Canela (RS). As inscri\u00e7\u00f5es j\u00e1 est\u00e3o abertas.<\/p>\n<p style=\"text-align: justify;\">Mais informa\u00e7\u00f5es pelo telefone (51) 3212-2200 ou pelo email: financeiro@agert.org.br.<\/p>\n<p style=\"text-align: justify;\">Fonte: Abert.<\/p>\n","protected":false},"excerpt":{"rendered":"<p>As associa\u00e7\u00f5es estaduais de radiodifus\u00e3o j\u00e1 est\u00e3o em ritmo de&hellip;<\/p>\n<p> <a class=\"more-link\" href=\"https:\/\/sertsc.org.br\/site\/congressos-debatem-modernizacao-da-radiodifusao\/\">Leia mais<\/a><\/p>\n","protected":false},"author":1,"featured_media":4838,"comment_status":"closed","ping_status":"open","sticky":false,"template":"","format":"standard","meta":{"footnotes":""},"categories":[3],"tags":[],"class_list":{"0":"post-5179","1":"post","2":"type-post","3":"status-publish","4":"format-standard","5":"has-post-thumbnail","7":"category-noticias"},"_links":{"self":[{"href":"https:\/\/sertsc.org.br\/site\/wp-json\/wp\/v2\/posts\/5179","targetHints":{"allow":["GET"]}}],"collection":[{"href":"https:\/\/sertsc.org.br\/site\/wp-json\/wp\/v2\/posts"}],"about":[{"href":"https:\/\/sertsc.org.br\/site\/wp-json\/wp\/v2\/types\/post"}],"author":[{"embeddable":true,"href":"https:\/\/sertsc.org.br\/site\/wp-json\/wp\/v2\/users\/1"}],"replies":[{"embeddable":true,"href":"https:\/\/sertsc.org.br\/site\/wp-json\/wp\/v2\/comments?post=5179"}],"version-history":[{"count":0,"href":"https:\/\/sertsc.org.br\/site\/wp-json\/wp\/v2\/posts\/5179\/revisions"}],"wp:featuredmedia":[{"embeddable":true,"href":"https:\/\/sertsc.org.br\/site\/wp-json\/"}],"wp:attachment":[{"href":"https:\/\/sertsc.org.br\/site\/wp-json\/wp\/v2\/media?parent=5179"}],"wp:term":[{"taxonomy":"category","embeddable":true,"href":"https:\/\/sertsc.org.br\/site\/wp-json\/wp\/v2\/categories?post=5179"},{"taxonomy":"post_tag","embeddable":true,"href":"https:\/\/sertsc.org.br\/site\/wp-json\/wp\/v2\/tags?post=5179"}],"curies":[{"name":"wp","href":"https:\/\/api.w.org\/{rel}","templated":true}]}}