{"id":5122,"date":"2017-07-17T11:55:46","date_gmt":"2017-07-17T14:55:46","guid":{"rendered":"http:\/\/www.sertsc.org.br\/site\/?p=5122"},"modified":"2017-07-17T11:55:46","modified_gmt":"2017-07-17T14:55:46","slug":"congresso-aprova-nova-composicao-do-conselho-de-comunicacao-social","status":"publish","type":"post","link":"https:\/\/sertsc.org.br\/site\/congresso-aprova-nova-composicao-do-conselho-de-comunicacao-social\/","title":{"rendered":"Congresso aprova nova composi\u00e7\u00e3o do Conselho de Comunica\u00e7\u00e3o Social"},"content":{"rendered":"<div class=\"itemIntroText\">\n<p style=\"text-align: justify;\">O Congresso Nacional definiu, nesta quinta-feira (13), a nova composi\u00e7\u00e3o do Conselho de Comunica\u00e7\u00e3o Social (CCS), que tem como fun\u00e7\u00e3o auxiliar os parlamentares na discuss\u00e3o de assuntos relacionados \u00e0 comunica\u00e7\u00e3o e \u00e0 liberdade de express\u00e3o.<\/p>\n<\/div>\n<div class=\"itemFullText\">\n<p style=\"text-align: justify;\">Os integrantes que representar\u00e3o as empresas de r\u00e1dio e TV s\u00e3o: Jos\u00e9 Carlos da Silveira J\u00fanior e Jo\u00e3o Camilo J\u00fanior (r\u00e1dio); Jos\u00e9 Francisco de Ara\u00fajo Lima e Juliana dos Santos Noronha (TV); Teresa Mondino e Paulo Ricardo Balduino (engenharia de radiodifus\u00e3o).<\/p>\n<p style=\"text-align: justify;\">O presidente do Congresso, senador Eun\u00edcio Oliveira (PMDB\/CE), tem at\u00e9 30 dias para definir a data da posse dos novos conselheiros.<\/p>\n<p style=\"text-align: justify;\">O CCS \u00e9 composto ainda por representantes da imprensa escrita, jornalistas, radialistas, artistas, profissionais de cinema e v\u00eddeo e sociedade civil. S\u00e3o 13 integrantes titulares e 13 suplentes para um mandato de dois anos.<\/p>\n<p style=\"text-align: justify;\">Ao CCS cabe realizar estudos e emitir pareceres e recomenda\u00e7\u00f5es sobre os seguintes temas: liberdade de express\u00e3o; propaganda de tabaco, bebidas alco\u00f3licas, agrot\u00f3xicos, medicamentos e terapias; divers\u00f5es e espet\u00e1culos p\u00fablicos; produ\u00e7\u00e3o e programa\u00e7\u00e3o das emissoras de r\u00e1dio e televis\u00e3o; monop\u00f3lio ou oligop\u00f3lio dos meios de comunica\u00e7\u00e3o social; propriedade de empresa jornal\u00edstica e de radiodifus\u00e3o sonora e de sons e imagens; e renova\u00e7\u00e3o de concess\u00e3o, permiss\u00e3o e autoriza\u00e7\u00e3o das outorgas dos servi\u00e7os de radiodifus\u00e3o sonora e de sons e imagens.<\/p>\n<p style=\"text-align: justify;\">Fonte: ABERT.<\/p>\n<\/div>\n","protected":false},"excerpt":{"rendered":"<p>O Congresso Nacional definiu, nesta quinta-feira (13), a nova composi\u00e7\u00e3o&hellip;<\/p>\n<p> <a class=\"more-link\" href=\"https:\/\/sertsc.org.br\/site\/congresso-aprova-nova-composicao-do-conselho-de-comunicacao-social\/\">Leia mais<\/a><\/p>\n","protected":false},"author":1,"featured_media":5125,"comment_status":"closed","ping_status":"open","sticky":false,"template":"","format":"standard","meta":{"footnotes":""},"categories":[3],"tags":[],"class_list":{"0":"post-5122","1":"post","2":"type-post","3":"status-publish","4":"format-standard","5":"has-post-thumbnail","7":"category-noticias"},"_links":{"self":[{"href":"https:\/\/sertsc.org.br\/site\/wp-json\/wp\/v2\/posts\/5122","targetHints":{"allow":["GET"]}}],"collection":[{"href":"https:\/\/sertsc.org.br\/site\/wp-json\/wp\/v2\/posts"}],"about":[{"href":"https:\/\/sertsc.org.br\/site\/wp-json\/wp\/v2\/types\/post"}],"author":[{"embeddable":true,"href":"https:\/\/sertsc.org.br\/site\/wp-json\/wp\/v2\/users\/1"}],"replies":[{"embeddable":true,"href":"https:\/\/sertsc.org.br\/site\/wp-json\/wp\/v2\/comments?post=5122"}],"version-history":[{"count":0,"href":"https:\/\/sertsc.org.br\/site\/wp-json\/wp\/v2\/posts\/5122\/revisions"}],"wp:featuredmedia":[{"embeddable":true,"href":"https:\/\/sertsc.org.br\/site\/wp-json\/"}],"wp:attachment":[{"href":"https:\/\/sertsc.org.br\/site\/wp-json\/wp\/v2\/media?parent=5122"}],"wp:term":[{"taxonomy":"category","embeddable":true,"href":"https:\/\/sertsc.org.br\/site\/wp-json\/wp\/v2\/categories?post=5122"},{"taxonomy":"post_tag","embeddable":true,"href":"https:\/\/sertsc.org.br\/site\/wp-json\/wp\/v2\/tags?post=5122"}],"curies":[{"name":"wp","href":"https:\/\/api.w.org\/{rel}","templated":true}]}}