{"id":5116,"date":"2017-07-17T13:37:46","date_gmt":"2017-07-17T16:37:46","guid":{"rendered":"http:\/\/www.sertsc.org.br\/site\/?p=5116"},"modified":"2017-07-17T13:37:46","modified_gmt":"2017-07-17T16:37:46","slug":"sertsc-promove-encontro-regional-em-criciuma","status":"publish","type":"post","link":"https:\/\/sertsc.org.br\/site\/sertsc-promove-encontro-regional-em-criciuma\/","title":{"rendered":"SERT\/SC promove Encontro Regional em Crici\u00fama"},"content":{"rendered":"<p style=\"text-align: justify;\">O\u00a0<strong>Sindicato das Empresas de R\u00e1dio e Televis\u00e3o do Estado de Santa Catarina \u2013 SERT\/SC\u00a0<\/strong>promoveu no s\u00e1bado, 15 de julho, o Encontro Regional no Hotel InterClass em Crici\u00fama, com as emissoras da regi\u00e3o do Sul. A entidade esteve representada pelo presidente Carlos Alberto Ross, a gerente G\u00e9deas Gomes, Jhenifer Schmitt do Jornalismo, a assistente Administrativa Karoline Abreu, o Consultor Jur\u00eddico Dr. Marcos Ant\u00f4nio Silveira e Membros da Diretoria, Rubens Olbrisch, C\u00e9lio Moriggi, Darel D\u2019Avila e Vanderlei Peretti.<\/p>\n<p style=\"text-align: justify;\">Para o presidente do SERT\/SC a realiza\u00e7\u00e3o desses encontros tem como objetivo proporcionar um interc\u00e2mbio de conhecimento e contribuir no aperfei\u00e7oamento organizacional e jur\u00eddico das filiadas.<\/p>\n<p style=\"text-align: justify;\">Foram feitas duas palestras, a primeira ministrada pelo Consultor Jur\u00eddico do SERT\/SC, Dr. Marcos Ant\u00f4nio Silveira, abordando o tema, redes sociais na radiodifus\u00e3o. E posteriormente, o evento contou com a presen\u00e7a do palestrante Fernando Morgado, falando sobre Planejamento Estrat\u00e9gico na radiodifus\u00e3o, envolvendo temas como a migra\u00e7\u00e3o AM, as melhorias do som, pulveriza\u00e7\u00e3o da audi\u00eancia, datafica\u00e7\u00e3o, exig\u00eancias t\u00e9cnicas do mercado entre outros assuntos.<\/p>\n<p style=\"text-align: justify;\">Na ocasi\u00e3o, foi feito um minuto de sil\u00eancio, em homenagem ao Radiodifusor, Sr. Aldoir Pagani Bristot e ao Sr. Ramiro Greg\u00f3rio da Silva, um dos fundadores do SERT\/SC.<\/p>\n<p style=\"text-align: justify;\">Para finalizar, foi oferecido um almo\u00e7o para os participantes, promovendo uma integra\u00e7\u00e3o ainda maior entre os presentes no evento.<\/p>\n\n<p>Fonte: Sindicato das Empresas de R\u00e1dio e Televis\u00e3o de Santa Catarina &#8211; SERT\/SC<\/p>\n<p>&nbsp;<\/p>\n","protected":false},"excerpt":{"rendered":"<p>O\u00a0Sindicato das Empresas de R\u00e1dio e Televis\u00e3o do Estado de&hellip;<\/p>\n<p> <a class=\"more-link\" href=\"https:\/\/sertsc.org.br\/site\/sertsc-promove-encontro-regional-em-criciuma\/\">Leia mais<\/a><\/p>\n","protected":false},"author":1,"featured_media":5117,"comment_status":"closed","ping_status":"open","sticky":false,"template":"","format":"standard","meta":{"footnotes":""},"categories":[33],"tags":[],"class_list":{"0":"post-5116","1":"post","2":"type-post","3":"status-publish","4":"format-standard","5":"has-post-thumbnail","7":"category-destaques"},"_links":{"self":[{"href":"https:\/\/sertsc.org.br\/site\/wp-json\/wp\/v2\/posts\/5116","targetHints":{"allow":["GET"]}}],"collection":[{"href":"https:\/\/sertsc.org.br\/site\/wp-json\/wp\/v2\/posts"}],"about":[{"href":"https:\/\/sertsc.org.br\/site\/wp-json\/wp\/v2\/types\/post"}],"author":[{"embeddable":true,"href":"https:\/\/sertsc.org.br\/site\/wp-json\/wp\/v2\/users\/1"}],"replies":[{"embeddable":true,"href":"https:\/\/sertsc.org.br\/site\/wp-json\/wp\/v2\/comments?post=5116"}],"version-history":[{"count":0,"href":"https:\/\/sertsc.org.br\/site\/wp-json\/wp\/v2\/posts\/5116\/revisions"}],"wp:featuredmedia":[{"embeddable":true,"href":"https:\/\/sertsc.org.br\/site\/wp-json\/"}],"wp:attachment":[{"href":"https:\/\/sertsc.org.br\/site\/wp-json\/wp\/v2\/media?parent=5116"}],"wp:term":[{"taxonomy":"category","embeddable":true,"href":"https:\/\/sertsc.org.br\/site\/wp-json\/wp\/v2\/categories?post=5116"},{"taxonomy":"post_tag","embeddable":true,"href":"https:\/\/sertsc.org.br\/site\/wp-json\/wp\/v2\/tags?post=5116"}],"curies":[{"name":"wp","href":"https:\/\/api.w.org\/{rel}","templated":true}]}}