{"id":5114,"date":"2017-07-14T14:24:07","date_gmt":"2017-07-14T17:24:07","guid":{"rendered":"http:\/\/www.sertsc.org.br\/site\/?p=5114"},"modified":"2017-07-14T14:24:07","modified_gmt":"2017-07-14T17:24:07","slug":"comissao-mista-mantem-aliquota-diferenciada-para-radiodifusao","status":"publish","type":"post","link":"https:\/\/sertsc.org.br\/site\/comissao-mista-mantem-aliquota-diferenciada-para-radiodifusao\/","title":{"rendered":"COMISS\u00c3O MISTA MANT\u00c9M AL\u00cdQUOTA DIFERENCIADA PARA RADIODIFUS\u00c3O"},"content":{"rendered":"<p style=\"text-align: justify;\"><span class=\"verde2\">A MP agora segue para o plen\u00e1rio da C\u00e2mara dos Deputados<\/span><br \/>\nA Medida Provis\u00f3ria 774\/2017, que reonera a folha de pagamentos de empresas de cerca de 50 setores da economia e mant\u00e9m a al\u00edquota de 1,5% para o setor de comunica\u00e7\u00e3o, foi aprovada na quarta-feira (5), pela Comiss\u00e3o Mista do Congresso Nacional.<\/p>\n<div id=\"_mcePaste\" style=\"text-align: justify;\">O texto aprovado, do relator Airton Sandoval (PMDB-SP), manteve a reda\u00e7\u00e3o original e adia o aumento de impostos de 1\u00ba de julho deste ano para 1\u00ba de janeiro de 2018.<\/div>\n<div id=\"_mcePaste\" style=\"text-align: justify;\">A MP agora segue para o plen\u00e1rio da C\u00e2mara dos Deputados. A vota\u00e7\u00e3o deve ser na pr\u00f3xima semana.<\/div>\n<p style=\"text-align: justify;\">A Medida Provis\u00f3ria 774\/2017, que reonera a folha de pagamentos de empresas de cerca de 50 setores da economia e mant\u00e9m a al\u00edquota de 1,5% para o setor de comunica\u00e7\u00e3o, foi aprovada na quarta-feira (5), pela Comiss\u00e3o Mista do Congresso Nacional.<\/p>\n<p style=\"text-align: justify;\">O texto aprovado, do relator Airton Sandoval (PMDB-SP), manteve a reda\u00e7\u00e3o original e adia o aumento de impostos de 1\u00ba de julho deste ano para 1\u00ba de janeiro de 2018.<\/p>\n<p style=\"text-align: justify;\">A MP agora segue para o plen\u00e1rio da C\u00e2mara dos Deputados. A vota\u00e7\u00e3o deve ser na pr\u00f3xima semana.<\/p>\n<p style=\"text-align: justify;\"><strong>Fonte:<\/strong>\u00a0Abert<\/p>\n","protected":false},"excerpt":{"rendered":"<p>A MP agora segue para o plen\u00e1rio da C\u00e2mara dos&hellip;<\/p>\n<p> <a class=\"more-link\" href=\"https:\/\/sertsc.org.br\/site\/comissao-mista-mantem-aliquota-diferenciada-para-radiodifusao\/\">Leia mais<\/a><\/p>\n","protected":false},"author":1,"featured_media":5010,"comment_status":"closed","ping_status":"open","sticky":false,"template":"","format":"standard","meta":{"footnotes":""},"categories":[3],"tags":[],"class_list":{"0":"post-5114","1":"post","2":"type-post","3":"status-publish","4":"format-standard","5":"has-post-thumbnail","7":"category-noticias"},"_links":{"self":[{"href":"https:\/\/sertsc.org.br\/site\/wp-json\/wp\/v2\/posts\/5114","targetHints":{"allow":["GET"]}}],"collection":[{"href":"https:\/\/sertsc.org.br\/site\/wp-json\/wp\/v2\/posts"}],"about":[{"href":"https:\/\/sertsc.org.br\/site\/wp-json\/wp\/v2\/types\/post"}],"author":[{"embeddable":true,"href":"https:\/\/sertsc.org.br\/site\/wp-json\/wp\/v2\/users\/1"}],"replies":[{"embeddable":true,"href":"https:\/\/sertsc.org.br\/site\/wp-json\/wp\/v2\/comments?post=5114"}],"version-history":[{"count":0,"href":"https:\/\/sertsc.org.br\/site\/wp-json\/wp\/v2\/posts\/5114\/revisions"}],"wp:featuredmedia":[{"embeddable":true,"href":"https:\/\/sertsc.org.br\/site\/wp-json\/"}],"wp:attachment":[{"href":"https:\/\/sertsc.org.br\/site\/wp-json\/wp\/v2\/media?parent=5114"}],"wp:term":[{"taxonomy":"category","embeddable":true,"href":"https:\/\/sertsc.org.br\/site\/wp-json\/wp\/v2\/categories?post=5114"},{"taxonomy":"post_tag","embeddable":true,"href":"https:\/\/sertsc.org.br\/site\/wp-json\/wp\/v2\/tags?post=5114"}],"curies":[{"name":"wp","href":"https:\/\/api.w.org\/{rel}","templated":true}]}}