{"id":5090,"date":"2017-07-13T09:37:49","date_gmt":"2017-07-13T12:37:49","guid":{"rendered":"http:\/\/www.sertsc.org.br\/site\/?p=5090"},"modified":"2017-07-13T09:37:49","modified_gmt":"2017-07-13T12:37:49","slug":"5090-2","status":"publish","type":"post","link":"https:\/\/sertsc.org.br\/site\/5090-2\/","title":{"rendered":"NOTA DE PESAR &#8211; Falecimento Sr. Ramiro Greg\u00f3rio da Silva"},"content":{"rendered":"<p style=\"text-align: justify;\">O\u00a0<strong>Sindicato das Empresas de R\u00e1dio e Televis\u00e3o do Estado de Santa Catarina\u00a0\u2013 SERT\/SC<\/strong>\u00a0lamenta profundamente o falecimento de\u00a0<strong>Ramiro Greg\u00f3rio da Silva<\/strong>, ocorrido as 07h20min da manh\u00e3 desta quinta-feira (13\/07), causado por insufici\u00eancia renal.<\/p>\n<p style=\"text-align: justify;\"><a href=\"http:\/\/www.sertsc.org.br\/site\/wp-content\/uploads\/2017\/07\/17557323.jpg\"><img fetchpriority=\"high\" decoding=\"async\" class=\"alignleft size-medium wp-image-5092\" src=\"http:\/\/www.sertsc.org.br\/site\/wp-content\/uploads\/2017\/07\/17557323-300x199.jpg\" alt=\"17557323\" width=\"300\" height=\"199\" \/><\/a>Ramiro foi um dos fundadores deste Sindicato e Comendador da ACAERT, que, com \u00e9tica e profissionalismo, dedicou sua vida \u00e0 defesa dos interesses da radiodifus\u00e3o catarinense.<\/p>\n<p style=\"text-align: justify;\">O vel\u00f3rio ocorre durante a tarde do dia de hoje, as 16h30min,\u00a0na capela mortu\u00e1ria quarto Borba Gato de\u00a0Joinville,\u00a0e o sepultamento est\u00e1 previsto para as 10hs, de amanh\u00e3, sexta-feira(14).<\/p>\n<p style=\"text-align: justify;\">A Diretoria, filiadas e funcion\u00e1rios do SERT\/SC apresentam seus votos de solidariedade a todos os familiares e amigos do Senhor Ramiro Greg\u00f3rio da Silva.<\/p>\n<p style=\"text-align: justify;\"><strong>A trajet\u00f3ria de Ramiro Greg\u00f3rio da Silva mais de 60 anos voltado \u00e0\u00a0Radiodifus\u00e3o<\/strong><\/p>\n<p style=\"text-align: justify;\">Foram mais de 60 anos voltados \u00e0\u00a0radiodifus\u00e3o, sempre ao lado da sua esposa Lola e das filhas Marlise e Lucianne<\/p>\n<p style=\"text-align: justify;\">Ramiro Greg\u00f3rio nasceu em Pomerode e mudou-se aos 17 anos para Curitiba, onde come\u00e7ou a fazer suas primeiras locu\u00e7\u00f5es como narrador de textos comerciais.<\/p>\n<p style=\"text-align: justify;\">Voltou para Santa Catarina, e em Jaragu\u00e1 do Sul passou a comandar a programa\u00e7\u00e3o musical de uma r\u00e1dio.<\/p>\n<p style=\"text-align: justify;\">Percorreu emissoras de Indaial, Blumenau, Gaspar e Brusque, at\u00e9 se fixar em Joinville, a convite do amigo de profiss\u00e3o Jota Gon\u00e7alves.<\/p>\n<p style=\"text-align: justify;\">Na cidade que escolheu para passar boa parte da vida, foi o respons\u00e1vel por instalar e administrar a Cultura AM e a Difusora, acompanhando, inclusive, momentos hist\u00f3ricos.<\/p>\n<p style=\"text-align: justify;\">Em uma mesma viagem, em 1969, o catarinense fez a cobertura do concurso Miss Universo (quando Vera Fischer foi a Miss Brasil) e da subida da Apolo 11, nos EUA.<\/p>\n<p style=\"text-align: justify;\">Em 1980 junto com demais lideran\u00e7as empresariais, fundou o SERT\/SC;<\/p>\n<p style=\"text-align: justify;\">A \u00faltima atua\u00e7\u00e3o de Ramiro Greg\u00f3rio ao microfone foi na Aquarela FM, de Barra Velha, e, nos bastidores, na Joinville Cultural. Entre os pr\u00eamios t\u00edtulos recebidos, est\u00e1 o de Cidad\u00e3o Honor\u00e1rio de Joinville, Cidad\u00e3o Benem\u00e9rito de Barra Velha, Trof\u00e9u Assis Chateaubriand, Medalha do M\u00e9rito Anita Garibaldi, Comendador da ACAERT.<\/p>\n<p style=\"text-align: center;\"><strong>\u00a0<\/strong><strong>A radiodifus\u00e3o catarinense perde no dia de hoje um grande l\u00edder!<\/strong><\/p>\n<p style=\"text-align: center;\"><strong>Carlos Alberto Ross<br \/>\nPresidente<\/strong><\/p>\n","protected":false},"excerpt":{"rendered":"<p>O\u00a0Sindicato das Empresas de R\u00e1dio e Televis\u00e3o do Estado de&hellip;<\/p>\n<p> <a class=\"more-link\" href=\"https:\/\/sertsc.org.br\/site\/5090-2\/\">Leia mais<\/a><\/p>\n","protected":false},"author":1,"featured_media":5092,"comment_status":"closed","ping_status":"open","sticky":false,"template":"","format":"standard","meta":{"footnotes":""},"categories":[33],"tags":[],"class_list":{"0":"post-5090","1":"post","2":"type-post","3":"status-publish","4":"format-standard","5":"has-post-thumbnail","7":"category-destaques"},"_links":{"self":[{"href":"https:\/\/sertsc.org.br\/site\/wp-json\/wp\/v2\/posts\/5090","targetHints":{"allow":["GET"]}}],"collection":[{"href":"https:\/\/sertsc.org.br\/site\/wp-json\/wp\/v2\/posts"}],"about":[{"href":"https:\/\/sertsc.org.br\/site\/wp-json\/wp\/v2\/types\/post"}],"author":[{"embeddable":true,"href":"https:\/\/sertsc.org.br\/site\/wp-json\/wp\/v2\/users\/1"}],"replies":[{"embeddable":true,"href":"https:\/\/sertsc.org.br\/site\/wp-json\/wp\/v2\/comments?post=5090"}],"version-history":[{"count":0,"href":"https:\/\/sertsc.org.br\/site\/wp-json\/wp\/v2\/posts\/5090\/revisions"}],"wp:featuredmedia":[{"embeddable":true,"href":"https:\/\/sertsc.org.br\/site\/wp-json\/"}],"wp:attachment":[{"href":"https:\/\/sertsc.org.br\/site\/wp-json\/wp\/v2\/media?parent=5090"}],"wp:term":[{"taxonomy":"category","embeddable":true,"href":"https:\/\/sertsc.org.br\/site\/wp-json\/wp\/v2\/categories?post=5090"},{"taxonomy":"post_tag","embeddable":true,"href":"https:\/\/sertsc.org.br\/site\/wp-json\/wp\/v2\/tags?post=5090"}],"curies":[{"name":"wp","href":"https:\/\/api.w.org\/{rel}","templated":true}]}}