{"id":5084,"date":"2017-07-12T10:21:59","date_gmt":"2017-07-12T13:21:59","guid":{"rendered":"http:\/\/www.sertsc.org.br\/site\/?p=5084"},"modified":"2017-07-12T10:21:59","modified_gmt":"2017-07-12T13:21:59","slug":"recife-tem-74-dos-kits-para-a-tv-digital-entregues","status":"publish","type":"post","link":"https:\/\/sertsc.org.br\/site\/recife-tem-74-dos-kits-para-a-tv-digital-entregues\/","title":{"rendered":"Recife tem 74% dos kits para a TV digital entregues"},"content":{"rendered":"<p style=\"text-align: justify;\">Recife j\u00e1 tem 74% dos kits digitais entregues \u00e0 popula\u00e7\u00e3o, de acordo com relat\u00f3rio divulgado pela Entidade Administradora da Digitaliza\u00e7\u00e3o (EAD) e pela Associa\u00e7\u00e3o Brasileira de R\u00e1dio e Televis\u00e3o (Abratel). Foram 450.839 pacotes com conversor e antena na capital pernambucana e na regi\u00e3o metropolitana, que inclui mais 14 munic\u00edpios. De acordo com o cronograma do governo, a cidade ser\u00e1 a pr\u00f3xima a ter o sinal anal\u00f3gico desligado, o que dever\u00e1 acontecer no dia 26 de julho.<\/p>\n<p style=\"text-align: justify;\">No total s\u00e3o 608.259 kits, o que significa que 26% dos aptos a receber os pacotes ainda n\u00e3o o fizeram. Podem fazer a retirada do kit os benefici\u00e1rios do Bolsa Fam\u00edlia. O distrito de Abreu e Lima \u00e9 o que apresentou menos entregas: 59%, ou 15.799 kits. O de maior percentual foi Cabo de Santo Agostinho, com 89% (4.640 kits enviados).<\/p>\n<p style=\"text-align: justify;\">Em comunicado, o engenheiro de comunica\u00e7\u00e3o da Abratel, Andr\u00e9 Trindade, avalia que a distribui\u00e7\u00e3o dos kits ter\u00e1 maior relev\u00e2ncia no Nordeste. &#8220;Como temos um percentual maior de popula\u00e7\u00e3o de baixa renda no Nordeste, a distribui\u00e7\u00e3o de conversores pela Seja Digital [marca da EAD] ser\u00e1 relevante para atingirmos o \u00edndice de 93%. Nossa orienta\u00e7\u00e3o \u00e0s nossas associadas \u00e9 para trabalhar com o jornalismo e a realizar a\u00e7\u00f5es de marketing para conscientizar a popula\u00e7\u00e3o de que o sinal digital trar\u00e1 um ganho social para a popula\u00e7\u00e3o&#8221;, declarou.<\/p>\n<p style=\"text-align: justify;\">Para agendar a retirada do kit de conversor digital, basta ligar para o n\u00famero 147 ou acessar\u00a0<a href=\"http:\/\/www.vocenatvdigital.com.br\/\" target=\"_blank\" rel=\"noopener noreferrer\">www.vocenatvdigital.com.br<\/a>.<\/p>\n<p style=\"text-align: justify;\">Fonte: Teletime News.<\/p>\n","protected":false},"excerpt":{"rendered":"<p>Recife j\u00e1 tem 74% dos kits digitais entregues \u00e0 popula\u00e7\u00e3o,&hellip;<\/p>\n<p> <a class=\"more-link\" href=\"https:\/\/sertsc.org.br\/site\/recife-tem-74-dos-kits-para-a-tv-digital-entregues\/\">Leia mais<\/a><\/p>\n","protected":false},"author":1,"featured_media":5085,"comment_status":"closed","ping_status":"open","sticky":false,"template":"","format":"standard","meta":{"footnotes":""},"categories":[3],"tags":[],"class_list":{"0":"post-5084","1":"post","2":"type-post","3":"status-publish","4":"format-standard","5":"has-post-thumbnail","7":"category-noticias"},"_links":{"self":[{"href":"https:\/\/sertsc.org.br\/site\/wp-json\/wp\/v2\/posts\/5084","targetHints":{"allow":["GET"]}}],"collection":[{"href":"https:\/\/sertsc.org.br\/site\/wp-json\/wp\/v2\/posts"}],"about":[{"href":"https:\/\/sertsc.org.br\/site\/wp-json\/wp\/v2\/types\/post"}],"author":[{"embeddable":true,"href":"https:\/\/sertsc.org.br\/site\/wp-json\/wp\/v2\/users\/1"}],"replies":[{"embeddable":true,"href":"https:\/\/sertsc.org.br\/site\/wp-json\/wp\/v2\/comments?post=5084"}],"version-history":[{"count":0,"href":"https:\/\/sertsc.org.br\/site\/wp-json\/wp\/v2\/posts\/5084\/revisions"}],"wp:featuredmedia":[{"embeddable":true,"href":"https:\/\/sertsc.org.br\/site\/wp-json\/"}],"wp:attachment":[{"href":"https:\/\/sertsc.org.br\/site\/wp-json\/wp\/v2\/media?parent=5084"}],"wp:term":[{"taxonomy":"category","embeddable":true,"href":"https:\/\/sertsc.org.br\/site\/wp-json\/wp\/v2\/categories?post=5084"},{"taxonomy":"post_tag","embeddable":true,"href":"https:\/\/sertsc.org.br\/site\/wp-json\/wp\/v2\/tags?post=5084"}],"curies":[{"name":"wp","href":"https:\/\/api.w.org\/{rel}","templated":true}]}}