{"id":5076,"date":"2017-07-11T11:12:03","date_gmt":"2017-07-11T14:12:03","guid":{"rendered":"http:\/\/www.sertsc.org.br\/site\/?p=5076"},"modified":"2017-07-11T11:12:03","modified_gmt":"2017-07-11T14:12:03","slug":"congresso-da-aerp-contara-com-nomes-importantes-da-radiodifusao-nacional","status":"publish","type":"post","link":"https:\/\/sertsc.org.br\/site\/congresso-da-aerp-contara-com-nomes-importantes-da-radiodifusao-nacional\/","title":{"rendered":"Congresso da AERP contar\u00e1 com nomes importantes da radiodifus\u00e3o nacional"},"content":{"rendered":"<div style=\"text-align: justify;\">O 24\u00ba Congresso Paranaense de Radiodifus\u00e3o e 3\u00ba EngeTec Brasil, que ser\u00e1 realizado de 27 a 29 de setembro em Curitiba, contar\u00e1 com nomes importantes da radiodifus\u00e3o nacional, que abordar\u00e3o diversos temas voltados ao meio. A come\u00e7ar pelo fato de que as emissoras de r\u00e1dio est\u00e3o modernizando para oferecer mais qualidade aos ouvintes, mudando da frequ\u00eancia AM para FM e adotando meios diversificados para transmiss\u00e3o de suas programa\u00e7\u00f5es.<\/div>\n<div style=\"text-align: justify;\"><\/div>\n<div style=\"text-align: justify;\">Palestrantes renomados como Oscar Schmidt (&#8220;Obstina\u00e7\u00e3o e Vit\u00f3ria&#8221;), Alexandre Lacava (&#8220;Convers\u00e3o de Vendas&#8221;) e Bruno Fernandes (&#8220;Gest\u00e3o por Compet\u00eancias&#8221;) e especialistas e profissionais da \u00e1rea como Marco T\u00falio (ZYDigital &#8211; &#8220;Futuro do R\u00e1dio e TV&#8221;), Eduardo Cappia (EMC &#8211; &#8220;Futuro do R\u00e1dio e TV&#8221;) e Marcelo Braga (&#8220;Programa\u00e7\u00e3o de R\u00e1dio e TV&#8221;) juntam-se aos representantes do Minist\u00e9rio das Comunica\u00e7\u00f5es e Anatel para compor os debates da comunica\u00e7\u00e3o na era digital. As palestras e os pain\u00e9is do congresso contemplam a \u00e1rea comercial, \u00e1rea t\u00e9cnica e de gest\u00e3o de pessoas, tendo como base \u00a0o conhecimento no que h\u00e1 de mais novo em tecnologias, oportunidades de neg\u00f3cio, estrat\u00e9gias de lideran\u00e7a, mercado publicit\u00e1rio e tend\u00eancias mundiais.<\/div>\n<div style=\"text-align: justify;\"><\/div>\n<div style=\"text-align: justify;\">Os profissionais tamb\u00e9m poder\u00e3o participar dos workshops sobre temas variados como Produ\u00e7\u00e3o de Spots e Chamadas, Regulagem de \u00c1udio, T\u00e9cnicas de Vendas \u2013 M\u00eddia Kit, CODECS de \u00c1udio, entre outros. \u00a0A Feira Nacional de Equipamentos \u00e9 outro destaque onde os participantes poder\u00e3o ver de perto as novidades da \u00e1rea t\u00e9cnica da radiodifus\u00e3o.<\/div>\n<div style=\"text-align: justify;\"><\/div>\n<div style=\"text-align: justify;\">J\u00e1 no 3\u00baEngeTec Brasil, os participantes v\u00e3o acompanhar as palestras e treinamentos com engenheiros e fabricantes que definem a ind\u00fastria do r\u00e1dio como: Jay Tyler (EUA &#8211; &#8220;A Revolu\u00e7\u00e3o do \u00c1udio por IP&#8221;), John Lackness (EUA &#8211; &#8220;Externas por IP Ponto a Ponto e Multiponto&#8221;), Oliver Baumann (Alemanha &#8211; &#8220;A Evolu\u00e7\u00e3o do Processamento de \u00c1udio&#8221;) e muitos outros.<\/div>\n<div style=\"text-align: justify;\"><\/div>\n<div style=\"text-align: justify;\">Fonte: Tudo R\u00e1dio.<\/div>\n","protected":false},"excerpt":{"rendered":"<p>O 24\u00ba Congresso Paranaense de Radiodifus\u00e3o e 3\u00ba EngeTec Brasil,&hellip;<\/p>\n<p> <a class=\"more-link\" href=\"https:\/\/sertsc.org.br\/site\/congresso-da-aerp-contara-com-nomes-importantes-da-radiodifusao-nacional\/\">Leia mais<\/a><\/p>\n","protected":false},"author":1,"featured_media":5077,"comment_status":"closed","ping_status":"open","sticky":false,"template":"","format":"standard","meta":{"footnotes":""},"categories":[3],"tags":[],"class_list":{"0":"post-5076","1":"post","2":"type-post","3":"status-publish","4":"format-standard","5":"has-post-thumbnail","7":"category-noticias"},"_links":{"self":[{"href":"https:\/\/sertsc.org.br\/site\/wp-json\/wp\/v2\/posts\/5076","targetHints":{"allow":["GET"]}}],"collection":[{"href":"https:\/\/sertsc.org.br\/site\/wp-json\/wp\/v2\/posts"}],"about":[{"href":"https:\/\/sertsc.org.br\/site\/wp-json\/wp\/v2\/types\/post"}],"author":[{"embeddable":true,"href":"https:\/\/sertsc.org.br\/site\/wp-json\/wp\/v2\/users\/1"}],"replies":[{"embeddable":true,"href":"https:\/\/sertsc.org.br\/site\/wp-json\/wp\/v2\/comments?post=5076"}],"version-history":[{"count":0,"href":"https:\/\/sertsc.org.br\/site\/wp-json\/wp\/v2\/posts\/5076\/revisions"}],"wp:featuredmedia":[{"embeddable":true,"href":"https:\/\/sertsc.org.br\/site\/wp-json\/"}],"wp:attachment":[{"href":"https:\/\/sertsc.org.br\/site\/wp-json\/wp\/v2\/media?parent=5076"}],"wp:term":[{"taxonomy":"category","embeddable":true,"href":"https:\/\/sertsc.org.br\/site\/wp-json\/wp\/v2\/categories?post=5076"},{"taxonomy":"post_tag","embeddable":true,"href":"https:\/\/sertsc.org.br\/site\/wp-json\/wp\/v2\/tags?post=5076"}],"curies":[{"name":"wp","href":"https:\/\/api.w.org\/{rel}","templated":true}]}}