{"id":5063,"date":"2017-07-10T14:25:09","date_gmt":"2017-07-10T17:25:09","guid":{"rendered":"http:\/\/www.sertsc.org.br\/site\/?p=5063"},"modified":"2017-07-10T14:25:09","modified_gmt":"2017-07-10T17:25:09","slug":"sertsc-realiza-ciclo-de-palestras-em-criciuma-voltado-para-os-radiodifusores","status":"publish","type":"post","link":"https:\/\/sertsc.org.br\/site\/sertsc-realiza-ciclo-de-palestras-em-criciuma-voltado-para-os-radiodifusores\/","title":{"rendered":"SERT\/SC realiza Ciclo de Palestras em Crici\u00fama voltado para os radiodifusores"},"content":{"rendered":"<p style=\"text-align: justify;\">Amigos radiodifusores da regi\u00e3o Sul! O Sindicato das Empresas de R\u00e1dio e Televis\u00e3o do Estado de SC \u2013 SERT\/SC estar\u00e1 neste s\u00e1bado no dia 15 de julho, nas depend\u00eancias do Hotel Interclass, em Crici\u00fama, realizando o Encontro Regional. O evento contar\u00e1 com a presen\u00e7a do Presidente da entidade, Carlos Alberto Ross, o Consultor Jur\u00eddico, Dr. Marcos Ant\u00f4nio Silveira e assessores, al\u00e9m da participa\u00e7\u00e3o especial do Palestrante Fernando Morgado.<\/p>\n<p style=\"text-align: justify;\">Ao contr\u00e1rio da maioria dos palestrantes existentes no pa\u00eds, Fernando Morgado \u00e9 reconhecido por ser especialista em radiodifus\u00e3o, ministrando diversos semin\u00e1rios t\u00e9cnicos para empres\u00e1rios do setor.<br \/>\nOutro diferencial importante apresentado pelo palestrante \u00e9 que os conte\u00fados que ser\u00e3o abordados nessas palestras respeitar\u00e3o o nosso interesse e as especificidades do mercado de radiodifus\u00e3o, n\u00e3o se tratando da mera replica\u00e7\u00e3o de conceitos gen\u00e9ricos.<\/p>\n<p style=\"text-align: justify;\"><em><strong>Temas abordados:<\/strong><\/em> Contexto das mudan\u00e7as no setor de radiodifus\u00e3o; Especificidade e benef\u00edcios; Cultura corporativa: a import\u00e2ncia para o r\u00e1dio; Planejamento estrat\u00e9gico e cultura corporativa voltadas para resultados; Estrat\u00e9gia para ampliar as vendas de sua emissoras e casos de sucesso em r\u00e1dios.<\/p>\n<p style=\"text-align: justify;\"><em><strong>Sobre o palestrante:<\/strong><\/em> Fernando Morgado \u00e9 professor da FACHA e professor convidado de institui\u00e7\u00f5es como Universidad Aut\u00f3noma Metropolitana do M\u00e9xico, ESPM e PUC-Rio. Autor do livro biogr\u00e1fico Silvio Santos: a trajet\u00f3ria do mito (Matrix, 2017). Tem outros seis livros como autor, coautor e colaborador. Foi consultor da Federa\u00e7\u00e3o Nacional das Empresas de R\u00e1dio e Televis\u00e3o (FENAERT). Atuou na \u00e1rea de intelig\u00eancia de mercado do Sistema Globo de R\u00e1dio e foi comentarista da R\u00e1dio MEC. Mestrando em Gest\u00e3o da Economia Criativa, p\u00f3s-graduado em Gest\u00e3o Empresarial e Marketing e graduado em Design com Habilita\u00e7\u00e3o em Comunica\u00e7\u00e3o Visual e \u00canfase em Marketing pela ESPM.<\/p>\n<p style=\"text-align: justify;\"><strong>CONFIRA NOSSA PROGRAMA\u00c7\u00c3O:<\/strong><br \/>\n(Sujeito altera\u00e7\u00e3o)<\/p>\n<p>S\u00e1bado \u2013 15\/07 \u2013 Diretores das emissoras, Gestores e Colaboradores.<br \/>\n<strong>9h<\/strong> \u2013 Abertura do Encontro Regional com a palavra do presidente do SERT\/SC, assessores e convidados tratando de assuntos relacionados ao sindicato Estadual e da Regi\u00e3o Sul e F\u00f3rum de Ideias;<br \/>\n<strong>9h30<\/strong> \u2013 Palestra \u2013 Consultor Jur\u00eddico Dr. Marcos Ant\u00f4nio Silveira.<br \/>\nPauta: Redes Sociais na Radiodifus\u00e3o;<br \/>\n<strong>10h30\u00a0<\/strong>\u2013 CoffeeBreak;<br \/>\n<strong>11h<\/strong> \u2013 Palestra \u2013 Fernando Morgado \u2013 Pesquisador de m\u00eddia e comunica\u00e7\u00e3o e j\u00e1 atuou na \u00e1rea de intelig\u00eancia de mercado do Sistema Globo de R\u00e1dio (RJ)<br \/>\nPauta: Planejamento Estrat\u00e9gico nas empresas de Radiodifus\u00e3o;<br \/>\n<strong>13h\u00a0<\/strong>&#8211; Almo\u00e7o de Encerramento.<\/p>\n<p style=\"text-align: justify;\">Para facilitar a nossa organiza\u00e7\u00e3o, solicitamos confirma\u00e7\u00e3o da sua participa\u00e7\u00e3o, por e-mail: sert@sertsc.org.br ou por telefone (48) 3225-2122.<\/p>\n","protected":false},"excerpt":{"rendered":"<p>Amigos radiodifusores da regi\u00e3o Sul! O Sindicato das Empresas de&hellip;<\/p>\n<p> <a class=\"more-link\" href=\"https:\/\/sertsc.org.br\/site\/sertsc-realiza-ciclo-de-palestras-em-criciuma-voltado-para-os-radiodifusores\/\">Leia mais<\/a><\/p>\n","protected":false},"author":1,"featured_media":5064,"comment_status":"closed","ping_status":"open","sticky":false,"template":"","format":"standard","meta":{"footnotes":""},"categories":[3],"tags":[],"class_list":{"0":"post-5063","1":"post","2":"type-post","3":"status-publish","4":"format-standard","5":"has-post-thumbnail","7":"category-noticias"},"_links":{"self":[{"href":"https:\/\/sertsc.org.br\/site\/wp-json\/wp\/v2\/posts\/5063","targetHints":{"allow":["GET"]}}],"collection":[{"href":"https:\/\/sertsc.org.br\/site\/wp-json\/wp\/v2\/posts"}],"about":[{"href":"https:\/\/sertsc.org.br\/site\/wp-json\/wp\/v2\/types\/post"}],"author":[{"embeddable":true,"href":"https:\/\/sertsc.org.br\/site\/wp-json\/wp\/v2\/users\/1"}],"replies":[{"embeddable":true,"href":"https:\/\/sertsc.org.br\/site\/wp-json\/wp\/v2\/comments?post=5063"}],"version-history":[{"count":0,"href":"https:\/\/sertsc.org.br\/site\/wp-json\/wp\/v2\/posts\/5063\/revisions"}],"wp:featuredmedia":[{"embeddable":true,"href":"https:\/\/sertsc.org.br\/site\/wp-json\/"}],"wp:attachment":[{"href":"https:\/\/sertsc.org.br\/site\/wp-json\/wp\/v2\/media?parent=5063"}],"wp:term":[{"taxonomy":"category","embeddable":true,"href":"https:\/\/sertsc.org.br\/site\/wp-json\/wp\/v2\/categories?post=5063"},{"taxonomy":"post_tag","embeddable":true,"href":"https:\/\/sertsc.org.br\/site\/wp-json\/wp\/v2\/tags?post=5063"}],"curies":[{"name":"wp","href":"https:\/\/api.w.org\/{rel}","templated":true}]}}