{"id":5059,"date":"2017-07-07T16:19:12","date_gmt":"2017-07-07T19:19:12","guid":{"rendered":"http:\/\/www.sertsc.org.br\/site\/?p=5059"},"modified":"2017-07-07T16:19:12","modified_gmt":"2017-07-07T19:19:12","slug":"radios-am-que-nao-participaram-da-migracao-amfm-poderao-ter-nova-chance","status":"publish","type":"post","link":"https:\/\/sertsc.org.br\/site\/radios-am-que-nao-participaram-da-migracao-amfm-poderao-ter-nova-chance\/","title":{"rendered":"R\u00e1dios AM que n\u00e3o participaram da migra\u00e7\u00e3o AM\/FM poder\u00e3o ter nova chance"},"content":{"rendered":"<p style=\"text-align: justify;\">As emissoras de onda m\u00e9dia que ficaram em d\u00favida ou n\u00e3o conseguiram cumprir a data na formula\u00e7\u00e3o do pedido de migra\u00e7\u00e3o ter\u00e3o uma nova oportunidade. Foi o que informou a secret\u00e1ria de Radiodifus\u00e3o do Minist\u00e9rio da Ci\u00eancia, Tecnologia, Inova\u00e7\u00f5es e Comunica\u00e7\u00f5es (MCTIC), Vanda Jugurtha Bonna Nogueira, em visita \u00e0 ABERT na quarta-feira (5). Ela tamb\u00e9m falou sobre os processos de licita\u00e7\u00e3o para novos canais.<\/p>\n<div style=\"text-align: justify;\">A secret\u00e1ria anunciou novidades para as r\u00e1dios AM que n\u00e3o participaram do primeiro processo de migra\u00e7\u00e3o. \u201cEstamos com uma minuta pronta do decreto que abre novo prazo para a migra\u00e7\u00e3o do AM para FM. Muitos propriet\u00e1rios de emissoras ficaram em d\u00favida e tamb\u00e9m aqueles que se arrependeram, ter\u00e3o agora nova oportunidade. No primeiro passo, perdoamos todos os que n\u00e3o tinham pagado o boleto e, agora, estamos abrindo novo prazo: aqueles que decidiram que querem migrar, poder\u00e3o novamente pedir a migra\u00e7\u00e3o\u201d, ressaltou.<\/div>\n<div style=\"text-align: justify;\"><\/div>\n<div style=\"text-align: justify;\">A primeira parte do processo da migra\u00e7\u00e3o do AM para o FM deve, de acordo com Vanda, terminar at\u00e9 o final deste ano. \u201cAt\u00e9 17 de dezembro n\u00e3o haver\u00e1 mais nenhuma r\u00e1dio para fazer a migra\u00e7\u00e3o. Ap\u00f3s isso, vamos analisar com a Anatel para reexaminar o espectro de frequ\u00eancia e ver se tiramos algumas emissoras da faixa estendida. Depois, faremos um enorme e \u00faltimo mutir\u00e3o antes da faixa estendida, que sempre ser\u00e1 o \u00faltimo recurso&#8221;, disse.<\/div>\n<div style=\"text-align: justify;\"><\/div>\n<div style=\"text-align: justify;\">A secret\u00e1ria afirmou, ainda, que o minist\u00e9rio s\u00f3 vai partir para a faixa estendida quando a recep\u00e7\u00e3o dos ouvintes de r\u00e1dio nesta faixa estiver garantida. \u201cAntes, eu vou garantir a recep\u00e7\u00e3o do p\u00fablico para, assim, garantir a audi\u00eancia de quem for para a faixa estendida\u201d, concluiu.<\/div>\n<div style=\"text-align: justify;\"><\/div>\n<div style=\"text-align: justify;\"><strong>Novas Licita\u00e7\u00f5es<\/strong><\/div>\n<div style=\"text-align: justify;\"><\/div>\n<div style=\"text-align: justify;\">Questionada sobre a possibilidade do MCTIC abrir novos processos licitat\u00f3rios para emissoras de r\u00e1dio e TV, a secret\u00e1ria informou que a atual gest\u00e3o, ao assumir a pasta, encontrou 5 mil processos relativos a novas outorgas. Dado ao grande volume e \u00e0 alta complexidade do assunto, em especial por envolver questionamentos jur\u00eddicos importantes, o MCTIC n\u00e3o ter\u00e1 condi\u00e7\u00f5es de abrir novos procedimentos e o assunto dever\u00e1 ficar para 2019.<\/div>\n<div style=\"text-align: justify;\"><\/div>\n<div style=\"text-align: justify;\">Fonte: Tudo R\u00e1dio.<\/div>\n","protected":false},"excerpt":{"rendered":"<p>As emissoras de onda m\u00e9dia que ficaram em d\u00favida ou&hellip;<\/p>\n<p> <a class=\"more-link\" href=\"https:\/\/sertsc.org.br\/site\/radios-am-que-nao-participaram-da-migracao-amfm-poderao-ter-nova-chance\/\">Leia mais<\/a><\/p>\n","protected":false},"author":1,"featured_media":5060,"comment_status":"closed","ping_status":"open","sticky":false,"template":"","format":"standard","meta":{"footnotes":""},"categories":[3],"tags":[],"class_list":{"0":"post-5059","1":"post","2":"type-post","3":"status-publish","4":"format-standard","5":"has-post-thumbnail","7":"category-noticias"},"_links":{"self":[{"href":"https:\/\/sertsc.org.br\/site\/wp-json\/wp\/v2\/posts\/5059","targetHints":{"allow":["GET"]}}],"collection":[{"href":"https:\/\/sertsc.org.br\/site\/wp-json\/wp\/v2\/posts"}],"about":[{"href":"https:\/\/sertsc.org.br\/site\/wp-json\/wp\/v2\/types\/post"}],"author":[{"embeddable":true,"href":"https:\/\/sertsc.org.br\/site\/wp-json\/wp\/v2\/users\/1"}],"replies":[{"embeddable":true,"href":"https:\/\/sertsc.org.br\/site\/wp-json\/wp\/v2\/comments?post=5059"}],"version-history":[{"count":0,"href":"https:\/\/sertsc.org.br\/site\/wp-json\/wp\/v2\/posts\/5059\/revisions"}],"wp:featuredmedia":[{"embeddable":true,"href":"https:\/\/sertsc.org.br\/site\/wp-json\/"}],"wp:attachment":[{"href":"https:\/\/sertsc.org.br\/site\/wp-json\/wp\/v2\/media?parent=5059"}],"wp:term":[{"taxonomy":"category","embeddable":true,"href":"https:\/\/sertsc.org.br\/site\/wp-json\/wp\/v2\/categories?post=5059"},{"taxonomy":"post_tag","embeddable":true,"href":"https:\/\/sertsc.org.br\/site\/wp-json\/wp\/v2\/tags?post=5059"}],"curies":[{"name":"wp","href":"https:\/\/api.w.org\/{rel}","templated":true}]}}