{"id":5055,"date":"2017-07-07T12:00:46","date_gmt":"2017-07-07T15:00:46","guid":{"rendered":"http:\/\/www.sertsc.org.br\/site\/?p=5055"},"modified":"2017-07-07T12:00:46","modified_gmt":"2017-07-07T15:00:46","slug":"debate-celebra-20-anos-da-radiofam-falando-sobre-futuro","status":"publish","type":"post","link":"https:\/\/sertsc.org.br\/site\/debate-celebra-20-anos-da-radiofam-falando-sobre-futuro\/","title":{"rendered":"Debate celebra 20 anos da R\u00e1dioFam falando sobre futuro"},"content":{"rendered":"<p style=\"text-align: justify;\">O evento promoveu debates sobre modelo de neg\u00f3cios e o futuro do r\u00e1dio<\/p>\n<p style=\"text-align: left;\"><a href=\"http:\/\/www.sertsc.org.br\/site\/wp-content\/uploads\/2017\/07\/mari-correa2.jpg\"><img fetchpriority=\"high\" decoding=\"async\" class=\"size-full wp-image-5056\" src=\"http:\/\/www.sertsc.org.br\/site\/wp-content\/uploads\/2017\/07\/mari-correa2.jpg\" alt=\"mari-correa2\" width=\"570\" height=\"350\" \/><\/a><\/p>\n<p style=\"text-align: left;\">A comemora\u00e7\u00e3o dos 20 anos da R\u00e1dioFam foi coroada com a palestra\u00a0<em>As organiza\u00e7\u00f5es, a gest\u00e3o, os conte\u00fados e o modelo de neg\u00f3cios do R\u00e1dio no S\u00e9culo XXI.<\/em>\u00a0Al\u00e9m dos reencontros, a noite tamb\u00e9m<em>\u00a0<\/em>foi marcada pela intera\u00e7\u00e3o entre p\u00fablico e debatedores.<\/p>\n<p style=\"text-align: justify;\">Paulo Gilvane \u2013 um dos idealizadores da r\u00e1dio web \u2013, Luciano Potter \u2013 comunicador das r\u00e1dios Ga\u00facha e Atl\u00e2ntida\u2013 e Fernando Morgado \u2013 professor e consultor da Federa\u00e7\u00e3o Nacional de Empresas de R\u00e1dio e Televis\u00e3o (Fenaert) \u2013 debateram, ao longo do evento, sobre o futuro do r\u00e1dio e tamb\u00e9m a adapta\u00e7\u00e3o do meio com o avan\u00e7o da internet.\u00a0O professor\u00a0Luciano Kl\u00f6ckner\u00a0foi o mediador no evento.<\/p>\n<p style=\"text-align: justify;\">No come\u00e7o da noite, foi inaugurada a exposi\u00e7\u00e3o\u00a0<em>Fragmentos da Mem\u00f3ria<\/em>, com imagens de r\u00e1dios ao longo da hist\u00f3ria,\u00a0e tamb\u00e9m houve uma sess\u00e3o de aut\u00f3grafos, no sagu\u00e3o da Famecos, com autores de livros que possuem, como tema principal, o r\u00e1dio.<\/p>\n<p style=\"text-align: justify;\">Enquanto os convidados se acomodavam no audit\u00f3rio, o\u00a0N\u00facleo de Comunica\u00e7\u00e3o e Mem\u00f3ria Institucional da Faculdade de Comunica\u00e7\u00e3o exibiu um breve v\u00eddeo com depoimentos de quem passou pela R\u00e1dioFam durante esses 20 anos. A comemora\u00e7\u00e3o foi resultado de uma parceria entre o N\u00facleo de Comunica\u00e7\u00e3o e Mem\u00f3ria Institucional da Famecos, o SindiR\u00e1dio, o N\u00facleo de Estudos de R\u00e1dio (NER) da UFRGS, o Grupo de R\u00e1dio da Intercom e a Rede Alcar, entre outros apoiadores. Klockner\u00a0realizou os agradecimentos, em que mencionou todos que contribu\u00edram direta ou indiretamente para a realiza\u00e7\u00e3o do evento. Depois, deu in\u00edcio ao debate.<\/p>\n<p style=\"text-align: justify;\">Morgado comentou que quando vem ao Rio Grande do Sul \u00e9 sempre para falar de r\u00e1dio. \u201cO r\u00e1dio \u00e9 uma paix\u00e3o dos ga\u00fachos e talvez seja por isso que tenho tantos amigos aqui\u201d, diz. Mas, sobre o r\u00e1dio do futuro, o consultor afirma que antes \u00e9 necess\u00e1rio comentar o cen\u00e1rio radiof\u00f4nico no passado, pois de certa forma somos consequ\u00eancia do que j\u00e1 passou. \u201cQuando pensamos em modelos de neg\u00f3cio, \u00e9 importante lembrar que o r\u00e1dio nasceu com um objetivo nobre, educativo e cient\u00edfico, com difus\u00e3o de conhecimentos. Estamos voltando \u00e0s origens como se o r\u00e1dio sempre tivesse tido a voca\u00e7\u00e3o de ser convergente, ou seja, ter proximidade entre as plataformas pela sua boa e saud\u00e1vel simplicidade\u201d, ressalta.<\/p>\n<p style=\"text-align: justify;\"><strong>Assista ao v\u00eddeo:<\/strong><\/p>\n<p style=\"text-align: justify;\"><iframe src=\"https:\/\/www.youtube.com\/embed\/ZHzixlfTvcQ\" width=\"560\" height=\"315\" frameborder=\"0\" allowfullscreen=\"allowfullscreen\" data-mce-fragment=\"1\"><\/iframe><\/p>\n<p style=\"text-align: justify;\">O profissional que atua e atuar\u00e1 nas r\u00e1dios sabe que o trabalho \u00e9 feito de minuto a minuto. \u201cO r\u00e1dio \u00e9 um exerc\u00edcio di\u00e1rio e n\u00f3s estamos construindo ele com todos, com quem o faz e quem o estuda\u201d, afirma. Mas quem ir\u00e1 trabalhar nesse r\u00e1dio convergente que dialoga com todas as m\u00eddias? Morgado explica que desde o avan\u00e7o da internet, nenhum meio \u00e9 mais monom\u00eddia, ou seja, \u00e9 r\u00e1dio em conjunto com a internet. \u201cO profissional ser\u00e1 o que n\u00e3o se limitar apenas ao r\u00e1dio naquela vis\u00e3o cl\u00e1ssica e vigente, isto \u00e9, o profissional que a r\u00e1dio espera e precisa \u00e9 o que seja apaixonado pelo meio, mas que tenha a mente aberta para as novas plataformas e para as possibilidades que elas abrem\u201d, salienta Morgado.<\/p>\n<p style=\"text-align: justify;\">Potter afirma que o novo profissional deve vir com um n\u00famero maior de experi\u00eancias e a internet ajuda muito nesse parte. \u201cNas redes sociais, fazemos \u00e1udio, foto, texto, v\u00eddeo e a r\u00e1dio acaba sendo um prolongamento\u201d, explica. Mas, ser um apaixonado pelo meio \u00e9 um diferencial, e o integrante das r\u00e1dios Atl\u00e2ntida e Ga\u00facha \u00e9 um desses fascinados pela profiss\u00e3o. \u201cNada \u00e9 mais apaixonante do que um microfone de r\u00e1dio, nada \u00e9 mais estimulante do que uma grande entrevista em um microfone de r\u00e1dio. Quem pode viver isso se apaixona na hora e por isso conhecemos profissionais que basicamente falam suas vidas diante de um microfone\u201d, garante.<\/p>\n<p style=\"text-align: justify;\">O programa\u00a0<em>Timeline,<\/em>\u00a0da r\u00e1dio Ga\u00facha, onde Potter divide o microfone com David Coimbra e Kelly Matos, \u00e9 um programa que entrou de uma forma diferente na programa\u00e7\u00e3o, e em um hor\u00e1rio antes dedicado a um programa apresentado por Lauro Quadros e que durou 29 anos no ar, o que tornou dif\u00edcil a adapta\u00e7\u00e3o do p\u00fablico. \u201cR\u00e1dio \u00e9 rotina e acostuma as pessoas. E, por isso, qualquer mudan\u00e7a brusca receber\u00e1 xingamentos\u201d, brinca. Quando o assunto \u00e9 entretenimento e jornalismo, o apresentador afirma que um bom exemplo \u00e9 que as audi\u00eancias em\u00a0<em>talk shows<\/em>\u00a0americanos crescem cada vez mais misturando os dois temas. \u201cEsse querer faz com que haja mudan\u00e7a. Jornalismo e entretenimento no r\u00e1dio cada vez se misturam mais. Mas claro que, quando entrevistamos algu\u00e9m, existe uma pauta a ser seguida e isso continua sendo essencial, o que muda \u00e9 a linguagem\u201d, enfatiza.<\/p>\n<p style=\"text-align: justify;\">Paulo Gilvane \u00e9 o \u00faltimo, mas n\u00e3o o menos importante a falar. O assunto ainda \u00e9 o futuro do r\u00e1dio e, dessa forma, Gilvane afirma que n\u00e3o estamos vivendo apenas uma crise econ\u00f4mica, mas tamb\u00e9m uma crise na comunica\u00e7\u00e3o. \u201cO futuro da r\u00e1dio \u00e9 a r\u00e1dio n\u00e3o musical, pois a m\u00fasica agrega menos, e a tend\u00eancia \u00e9 de que agregue menos ainda. E isso de alguma forma \u00e9 bom, isto \u00e9, as r\u00e1dios do futuro dever\u00e3o ser menos musicais e com mais conte\u00fado\u201d, prev\u00ea.<\/p>\n<p style=\"text-align: justify;\">Por fim, o debate promoveu um momento de intera\u00e7\u00e3o com perguntas do p\u00fablico que estava acompanhando o evento ao vivo pela internet e tamb\u00e9m na plateia. No audit\u00f3rio, ainda havia grandes nomes do r\u00e1dio, como Cl\u00e1udio Brito. Com dura\u00e7\u00e3o em torno de uma hora e 30 minutos, o debate sobre o futuro do r\u00e1dio e os modelos de gest\u00e3o cumpriu as expectativas da organiza\u00e7\u00e3o e de quem compareceu ao evento.<\/p>\n<p style=\"text-align: justify;\">Fonte: Portal Eu sou Famecos.<\/p>\n","protected":false},"excerpt":{"rendered":"<p>O evento promoveu debates sobre modelo de neg\u00f3cios e o&hellip;<\/p>\n<p> <a class=\"more-link\" href=\"https:\/\/sertsc.org.br\/site\/debate-celebra-20-anos-da-radiofam-falando-sobre-futuro\/\">Leia mais<\/a><\/p>\n","protected":false},"author":1,"featured_media":5056,"comment_status":"closed","ping_status":"open","sticky":false,"template":"","format":"standard","meta":{"footnotes":""},"categories":[3],"tags":[],"class_list":{"0":"post-5055","1":"post","2":"type-post","3":"status-publish","4":"format-standard","5":"has-post-thumbnail","7":"category-noticias"},"_links":{"self":[{"href":"https:\/\/sertsc.org.br\/site\/wp-json\/wp\/v2\/posts\/5055","targetHints":{"allow":["GET"]}}],"collection":[{"href":"https:\/\/sertsc.org.br\/site\/wp-json\/wp\/v2\/posts"}],"about":[{"href":"https:\/\/sertsc.org.br\/site\/wp-json\/wp\/v2\/types\/post"}],"author":[{"embeddable":true,"href":"https:\/\/sertsc.org.br\/site\/wp-json\/wp\/v2\/users\/1"}],"replies":[{"embeddable":true,"href":"https:\/\/sertsc.org.br\/site\/wp-json\/wp\/v2\/comments?post=5055"}],"version-history":[{"count":0,"href":"https:\/\/sertsc.org.br\/site\/wp-json\/wp\/v2\/posts\/5055\/revisions"}],"wp:featuredmedia":[{"embeddable":true,"href":"https:\/\/sertsc.org.br\/site\/wp-json\/"}],"wp:attachment":[{"href":"https:\/\/sertsc.org.br\/site\/wp-json\/wp\/v2\/media?parent=5055"}],"wp:term":[{"taxonomy":"category","embeddable":true,"href":"https:\/\/sertsc.org.br\/site\/wp-json\/wp\/v2\/categories?post=5055"},{"taxonomy":"post_tag","embeddable":true,"href":"https:\/\/sertsc.org.br\/site\/wp-json\/wp\/v2\/tags?post=5055"}],"curies":[{"name":"wp","href":"https:\/\/api.w.org\/{rel}","templated":true}]}}