{"id":5047,"date":"2017-07-05T15:31:57","date_gmt":"2017-07-05T18:31:57","guid":{"rendered":"http:\/\/www.sertsc.org.br\/site\/?p=5047"},"modified":"2017-07-05T15:31:57","modified_gmt":"2017-07-05T18:31:57","slug":"portaria-do-mctic-disciplina-canais-virtuais-em-rio-verde-goiania-e-brasilia","status":"publish","type":"post","link":"https:\/\/sertsc.org.br\/site\/portaria-do-mctic-disciplina-canais-virtuais-em-rio-verde-goiania-e-brasilia\/","title":{"rendered":"Portaria do MCTIC disciplina canais virtuais em Rio Verde, Goi\u00e2nia e Bras\u00edlia"},"content":{"rendered":"<p style=\"text-align: justify;\">\u00a0O Minist\u00e9rio da Ci\u00eancia, Tecnologia, Inova\u00e7\u00f5es e Comunica\u00e7\u00f5es (MCTIC) publicou hoje (05\/07), a Portaria N\u00ba 3.540 que disciplina e aprova as regras para utiliza\u00e7\u00e3o dos canais virtuais de TV Digital, considerando as SFNs, (redes \u2013 canais \u00f4nibus), como planejado pela canaliza\u00e7\u00e3o e preservando a continuidade do conte\u00fado e cobertura das redes, nos agrupamentos de munic\u00edpios de Rio Verde (GO), Bras\u00edlia (DF) e Goi\u00e2nia (GO).<\/p>\n<p style=\"text-align: justify;\">A Portaria ressalta a necessidade de ordenar a correla\u00e7\u00e3o existente entre o canal f\u00edsico e o canal virtual, visto que o n\u00famero deste canal deve ser \u00fanico, de maneira que n\u00e3o exista coincid\u00eancia de canais virtuais acess\u00edveis aos receptores terrestres de cada localidade.<\/p>\n<p style=\"text-align: justify;\">\u00a0Para o engenheiro de comunica\u00e7\u00e3o da Abratel, Andr\u00e9 Trindade, a demora em disciplinar a canaliza\u00e7\u00e3o \u00e9 um problema para o setor. \u201cInfelizmente a demora em disciplinar a canaliza\u00e7\u00e3o virtual em S\u00e3o Paulo criou um efeito de descumprimento da regra em diversas cidades e foi prejudicial aos radiodifusores que obedeciam a canaliza\u00e7\u00e3o correta\u201d, refor\u00e7ou.<\/p>\n<p style=\"text-align: justify;\">\u00a0O Minist\u00e9rio publicou essa Portaria porque algumas retransmissoras n\u00e3o t\u00eam respeitado a canaliza\u00e7\u00e3o virtual nas capitais, o que levou o MCTIC a disciplinar e impor san\u00e7\u00f5es aos que descumprirem essa norma. \u201cSeria interessante que nas pr\u00f3ximas localidades essa portaria sa\u00edsse antes do desligamento do sinal anal\u00f3gico\u201d, acrescentou Andr\u00e9 Trindade.<\/p>\n<p style=\"text-align: justify;\"><strong><em>Confira abaixo a portaria completa publicada no <a href=\"http:\/\/www.abratel.org.br\/wp-content\/uploads\/2017\/07\/Di%C3%A1rio-Oficial-da-Uni%C3%A3o-MCTIC-Portaria-3540.pdf\" target=\"_blank\" rel=\"noopener noreferrer\">Di\u00e1rio Oficial da Uni\u00e3o<\/a>.<\/em><\/strong><\/p>\n<p style=\"text-align: justify;\">\n<em>Fonte: ABRATEL.<\/em><\/p>\n","protected":false},"excerpt":{"rendered":"<p>\u00a0O Minist\u00e9rio da Ci\u00eancia, Tecnologia, Inova\u00e7\u00f5es e Comunica\u00e7\u00f5es (MCTIC) publicou&hellip;<\/p>\n<p> <a class=\"more-link\" href=\"https:\/\/sertsc.org.br\/site\/portaria-do-mctic-disciplina-canais-virtuais-em-rio-verde-goiania-e-brasilia\/\">Leia mais<\/a><\/p>\n","protected":false},"author":1,"featured_media":5048,"comment_status":"closed","ping_status":"open","sticky":false,"template":"","format":"standard","meta":{"footnotes":""},"categories":[3],"tags":[],"class_list":{"0":"post-5047","1":"post","2":"type-post","3":"status-publish","4":"format-standard","5":"has-post-thumbnail","7":"category-noticias"},"_links":{"self":[{"href":"https:\/\/sertsc.org.br\/site\/wp-json\/wp\/v2\/posts\/5047","targetHints":{"allow":["GET"]}}],"collection":[{"href":"https:\/\/sertsc.org.br\/site\/wp-json\/wp\/v2\/posts"}],"about":[{"href":"https:\/\/sertsc.org.br\/site\/wp-json\/wp\/v2\/types\/post"}],"author":[{"embeddable":true,"href":"https:\/\/sertsc.org.br\/site\/wp-json\/wp\/v2\/users\/1"}],"replies":[{"embeddable":true,"href":"https:\/\/sertsc.org.br\/site\/wp-json\/wp\/v2\/comments?post=5047"}],"version-history":[{"count":0,"href":"https:\/\/sertsc.org.br\/site\/wp-json\/wp\/v2\/posts\/5047\/revisions"}],"wp:featuredmedia":[{"embeddable":true,"href":"https:\/\/sertsc.org.br\/site\/wp-json\/"}],"wp:attachment":[{"href":"https:\/\/sertsc.org.br\/site\/wp-json\/wp\/v2\/media?parent=5047"}],"wp:term":[{"taxonomy":"category","embeddable":true,"href":"https:\/\/sertsc.org.br\/site\/wp-json\/wp\/v2\/categories?post=5047"},{"taxonomy":"post_tag","embeddable":true,"href":"https:\/\/sertsc.org.br\/site\/wp-json\/wp\/v2\/tags?post=5047"}],"curies":[{"name":"wp","href":"https:\/\/api.w.org\/{rel}","templated":true}]}}