{"id":5035,"date":"2017-07-05T10:42:45","date_gmt":"2017-07-05T13:42:45","guid":{"rendered":"http:\/\/www.sertsc.org.br\/site\/?p=5035"},"modified":"2017-07-05T10:42:45","modified_gmt":"2017-07-05T13:42:45","slug":"brasil-streaming-discute-distribuicao-de-conteudos-pela-internet-e-vod","status":"publish","type":"post","link":"https:\/\/sertsc.org.br\/site\/brasil-streaming-discute-distribuicao-de-conteudos-pela-internet-e-vod\/","title":{"rendered":"Brasil Streaming discute distribui\u00e7\u00e3o de conte\u00fados pela Internet e VoD"},"content":{"rendered":"<p style=\"text-align: justify;\">Acontece no pr\u00f3ximo dia 17 de julho, no WTC Events, em S\u00e3o Paulo, o semin\u00e1rio Brasil Streaming, organizado pelas publica\u00e7\u00f5es TELA VIVA e TELETIME. O evento discute aspectos de mercado e regulat\u00f3rios dos modelos de distribui\u00e7\u00e3o de v\u00eddeo pela Internet e VoD.<\/p>\n<p style=\"text-align: justify;\">O evento tem presen\u00e7a confirmada de Jeniffer McGinnis, diretora de estrat\u00e9gia de aquisi\u00e7\u00f5es da DirecTV dos EUA, respons\u00e1vel pelo servi\u00e7o DirecTV Now, que oferece pacotes de programa\u00e7\u00e3o tradicionais por meio de banda larga. Tamb\u00e9m tem presen\u00e7a confirmada Alberto Menoni, diretor de broadcast, m\u00eddia e entretenimento do Google; Alessandro Maluf, diretor de produtos de v\u00eddeo da Am\u00e9rica M\u00f3vil; Fernando Luciano, diretor de servi\u00e7os digitais e inova\u00e7\u00e3o da Vivo<em>;\u00a0<\/em>Marcelo Souza, diretor de tecnologias e m\u00eddias digitais da TV Globo; Marcelo Goyanes, diretor da Murta Goyanes; Gilberto Toscano, advogado e s\u00f3cio do Cesnik, Quintino e Salinas Advogados; Fabio Lima, diretor executivo da Sof\u00e1 Digital; Sabrina Nudeliman Wagon, diretora executiva da Elo Audiovisual; e Igor Kupstas, diretor da O2 Filmes, entre outros.<\/p>\n<p style=\"text-align: justify;\">A abertura do evento ser\u00e1 feita pela presidente interina da Ancine, D\u00e9bora Ivanov, que apresentar\u00e1 o est\u00e1gio atual do trabalho de desenvolvimento, pela ag\u00eancia, de um anteprojeto para ser encaminhado ao Conselho Superior de Cinema sobre a regulamenta\u00e7\u00e3o do v\u00eddeo-sob-demanda.<\/p>\n<p style=\"text-align: justify;\">As inscri\u00e7\u00f5es em valores promocionais ao evento v\u00e3o at\u00e9 sexta, dia 7. Mais informa\u00e7\u00f5es sobre o encontro pelo site\u00a0<a href=\"http:\/\/brasilstreaming.com.br\/\" target=\"_blank\" rel=\"noopener noreferrer\">brasilstreaming.com.br<\/a>.<\/p>\n<p style=\"text-align: justify;\">Fonte: Tela Viva.<\/p>\n","protected":false},"excerpt":{"rendered":"<p>Acontece no pr\u00f3ximo dia 17 de julho, no WTC Events,&hellip;<\/p>\n<p> <a class=\"more-link\" href=\"https:\/\/sertsc.org.br\/site\/brasil-streaming-discute-distribuicao-de-conteudos-pela-internet-e-vod\/\">Leia mais<\/a><\/p>\n","protected":false},"author":1,"featured_media":5036,"comment_status":"closed","ping_status":"open","sticky":false,"template":"","format":"standard","meta":{"footnotes":""},"categories":[3],"tags":[],"class_list":{"0":"post-5035","1":"post","2":"type-post","3":"status-publish","4":"format-standard","5":"has-post-thumbnail","7":"category-noticias"},"_links":{"self":[{"href":"https:\/\/sertsc.org.br\/site\/wp-json\/wp\/v2\/posts\/5035","targetHints":{"allow":["GET"]}}],"collection":[{"href":"https:\/\/sertsc.org.br\/site\/wp-json\/wp\/v2\/posts"}],"about":[{"href":"https:\/\/sertsc.org.br\/site\/wp-json\/wp\/v2\/types\/post"}],"author":[{"embeddable":true,"href":"https:\/\/sertsc.org.br\/site\/wp-json\/wp\/v2\/users\/1"}],"replies":[{"embeddable":true,"href":"https:\/\/sertsc.org.br\/site\/wp-json\/wp\/v2\/comments?post=5035"}],"version-history":[{"count":0,"href":"https:\/\/sertsc.org.br\/site\/wp-json\/wp\/v2\/posts\/5035\/revisions"}],"wp:featuredmedia":[{"embeddable":true,"href":"https:\/\/sertsc.org.br\/site\/wp-json\/"}],"wp:attachment":[{"href":"https:\/\/sertsc.org.br\/site\/wp-json\/wp\/v2\/media?parent=5035"}],"wp:term":[{"taxonomy":"category","embeddable":true,"href":"https:\/\/sertsc.org.br\/site\/wp-json\/wp\/v2\/categories?post=5035"},{"taxonomy":"post_tag","embeddable":true,"href":"https:\/\/sertsc.org.br\/site\/wp-json\/wp\/v2\/tags?post=5035"}],"curies":[{"name":"wp","href":"https:\/\/api.w.org\/{rel}","templated":true}]}}