{"id":4934,"date":"2017-06-22T12:02:20","date_gmt":"2017-06-22T15:02:20","guid":{"rendered":"http:\/\/www.sertsc.org.br\/site\/?p=4934"},"modified":"2017-06-22T12:02:20","modified_gmt":"2017-06-22T15:02:20","slug":"tv-digital-ja-e-realidade-em-goiania-e-mais-28-cidades-de-go","status":"publish","type":"post","link":"https:\/\/sertsc.org.br\/site\/tv-digital-ja-e-realidade-em-goiania-e-mais-28-cidades-de-go\/","title":{"rendered":"TV digital j\u00e1 \u00e9 realidade em Goi\u00e2nia e mais 28 cidades de GO"},"content":{"rendered":"<div class=\"itemIntroText\">\n<p style=\"text-align: justify;\">Desde o primeiro minuto desta quinta-feira (22), a popula\u00e7\u00e3o de Goi\u00e2nia e outros 28 munic\u00edpios de Goi\u00e1s j\u00e1 assiste seus canais favoritos apenas com o sinal digital de TV.<\/p>\n<\/div>\n<div class=\"itemFullText\">\n<p style=\"text-align: justify;\">Aproximadamente 3 milh\u00f5es de goianos, cerca de 1,3 milh\u00e3o de domic\u00edlios, recebem agora imagens mais n\u00edtidas e livres de ru\u00eddos e chuviscos.<\/p>\n<p style=\"text-align: justify;\">O GIRED, grupo respons\u00e1vel pela implanta\u00e7\u00e3o do processo de digitaliza\u00e7\u00e3o da TV no pa\u00eds, aprovou, na quarta-feira (21), o desligamento total do sinal anal\u00f3gico na regi\u00e3o goiana, ap\u00f3s pesquisa do Ibope Intelig\u00eancia verificar que 92% dos domic\u00edlios j\u00e1 contavam com sinal digital. O processo de desligamento do sinal anal\u00f3gico de TV nas 29 cidades goianas come\u00e7ou em etapas no dia 31 de maio, j\u00e1 que o n\u00famero m\u00ednimo de 90% das resid\u00eancias preparadas para o sinal digital, previsto na portaria do MCTIC, n\u00e3o havia sido atingido. Para que as fam\u00edlias de baixa renda, em especial, n\u00e3o ficassem sem TV, o governo decidiu ampliar o prazo para as emissoras desligarem o sinal anal\u00f3gico.<\/p>\n<p style=\"text-align: justify;\">Mais de 400 mil kits digitais, com conversor, antena e cabos, foram distribu\u00eddos gratuitamente para as fam\u00edlias benefici\u00e1rias de programas sociais do governo federal destas cidades. O percentual de distribui\u00e7\u00e3o alcan\u00e7ou 135%, j\u00e1 que o n\u00famero de kits previsto inicialmente para distribui\u00e7\u00e3o era de 295,2 mil. Esse n\u00famero deve crescer ainda mais, j\u00e1 que a distribui\u00e7\u00e3o permanecer\u00e1 por 45 dias ap\u00f3s o desligamento do sinal anal\u00f3gico.<\/p>\n<p style=\"text-align: justify;\">Antes das 29 cidades goianas, Rio Verde, tamb\u00e9m em Goi\u00e1s, foi escolhida cidade-piloto e teve o desligamento do sinal anal\u00f3gico no dia 1\u00b0 de mar\u00e7o.<\/p>\n<p style=\"text-align: justify;\"><strong>Sinal digital em outros estados<\/strong><\/p>\n<p style=\"text-align: justify;\">Recife (PE) e regi\u00e3o metropolitana ser\u00e3o as pr\u00f3ximas cidades a ter o sinal anal\u00f3gico de TV desligado. De acordo com o cronograma, a partir do dia 26 de julho, os pernambucanos desta regi\u00e3o ter\u00e3o apenas o sinal digital de TV. Segundo pesquisa do Ibope, o grau de digitaliza\u00e7\u00e3o da localidade atingiu 77% em 29 de maio, tendo sido distribu\u00eddos 239 mil conversores (39% do total destinado). Para que o desligamento aconte\u00e7a de acordo com o cronograma, a Seja Digital, empresa respons\u00e1vel pela digitaliza\u00e7\u00e3o da TV no Brasil, e as emissoras de televis\u00e3o dever\u00e3o fazer um grande esfor\u00e7o.<\/p>\n<p style=\"text-align: justify;\">J\u00e1 as regi\u00f5es metropolitanas de Fortaleza (CE) e Salvador (BA) encerrar\u00e3o as transmiss\u00f5es anal\u00f3gicas no dia 27 de setembro. A distribui\u00e7\u00e3o dos conversores j\u00e1 foi inciada, mas os \u00edndices de digitaliza\u00e7\u00e3o ainda s\u00e3o considerados baixos (75% e 69%, respectivamente).<\/p>\n<p style=\"text-align: justify;\">Rio de Janeiro (RJ) e Vit\u00f3ria (ES) ter\u00e3o o sinal digital a partir do dia 25 de outubro. Em Belo Horizonte (MG), as transmiss\u00f5es digitais come\u00e7am no dia 8 de novembro.<\/p>\n<p style=\"text-align: justify;\">J\u00e1 as cidades paulistas de Campinas, Franca, Ribeir\u00e3o Preto, Santos e a regi\u00e3o do Vale do Para\u00edba encerrar\u00e3o as transmiss\u00f5es anal\u00f3gicas no dia 29 de novembro.<\/p>\n<p style=\"text-align: justify;\">Fonte: ABERT.<\/p>\n<\/div>\n","protected":false},"excerpt":{"rendered":"<p>Desde o primeiro minuto desta quinta-feira (22), a popula\u00e7\u00e3o de&hellip;<\/p>\n<p> <a class=\"more-link\" href=\"https:\/\/sertsc.org.br\/site\/tv-digital-ja-e-realidade-em-goiania-e-mais-28-cidades-de-go\/\">Leia mais<\/a><\/p>\n","protected":false},"author":1,"featured_media":4935,"comment_status":"closed","ping_status":"open","sticky":false,"template":"","format":"standard","meta":{"footnotes":""},"categories":[3],"tags":[],"class_list":{"0":"post-4934","1":"post","2":"type-post","3":"status-publish","4":"format-standard","5":"has-post-thumbnail","7":"category-noticias"},"_links":{"self":[{"href":"https:\/\/sertsc.org.br\/site\/wp-json\/wp\/v2\/posts\/4934","targetHints":{"allow":["GET"]}}],"collection":[{"href":"https:\/\/sertsc.org.br\/site\/wp-json\/wp\/v2\/posts"}],"about":[{"href":"https:\/\/sertsc.org.br\/site\/wp-json\/wp\/v2\/types\/post"}],"author":[{"embeddable":true,"href":"https:\/\/sertsc.org.br\/site\/wp-json\/wp\/v2\/users\/1"}],"replies":[{"embeddable":true,"href":"https:\/\/sertsc.org.br\/site\/wp-json\/wp\/v2\/comments?post=4934"}],"version-history":[{"count":0,"href":"https:\/\/sertsc.org.br\/site\/wp-json\/wp\/v2\/posts\/4934\/revisions"}],"wp:featuredmedia":[{"embeddable":true,"href":"https:\/\/sertsc.org.br\/site\/wp-json\/"}],"wp:attachment":[{"href":"https:\/\/sertsc.org.br\/site\/wp-json\/wp\/v2\/media?parent=4934"}],"wp:term":[{"taxonomy":"category","embeddable":true,"href":"https:\/\/sertsc.org.br\/site\/wp-json\/wp\/v2\/categories?post=4934"},{"taxonomy":"post_tag","embeddable":true,"href":"https:\/\/sertsc.org.br\/site\/wp-json\/wp\/v2\/tags?post=4934"}],"curies":[{"name":"wp","href":"https:\/\/api.w.org\/{rel}","templated":true}]}}