{"id":4929,"date":"2017-06-22T11:28:59","date_gmt":"2017-06-22T14:28:59","guid":{"rendered":"http:\/\/www.sertsc.org.br\/site\/?p=4929"},"modified":"2017-06-22T11:28:59","modified_gmt":"2017-06-22T14:28:59","slug":"sertsc-37-anos-em-prol-da-radiodifusao-catarinense","status":"publish","type":"post","link":"https:\/\/sertsc.org.br\/site\/sertsc-37-anos-em-prol-da-radiodifusao-catarinense\/","title":{"rendered":"SERT\/SC 37 anos em prol da radiodifus\u00e3o catarinense"},"content":{"rendered":"<p style=\"text-align: justify;\">Fundado em 22 de junho de 1980, o <strong>Sindicato das Empresas de R\u00e1dio e Televis\u00e3o do Estado de Santa Catarina \u2013 SERT\/SC<\/strong> trabalha na defesa dos interesses dos radiodifusores, promovendo e incentivando a realiza\u00e7\u00e3o de Conven\u00e7\u00f5es Coletivas de Trabalho, Encontros Regionais, Semin\u00e1rios, Treinamentos e Qualifica\u00e7\u00e3o que visam o desenvolvimento das emissoras, bem como atuando a favor de seus filiados e representando legalmente os interesses da categoria econ\u00f4mica.<\/p>\n<p style=\"text-align: justify;\">Devemos a comemora\u00e7\u00e3o de hoje \u00e0s nossas mais de 200 emissoras filiadas. A representa\u00e7\u00e3o e atendimento de todas elas com a m\u00e1xima excel\u00eancia \u00e9 a raz\u00e3o do nosso trabalho di\u00e1rio.<\/p>\n<p style=\"text-align: justify;\"><strong>A diretoria e funcion\u00e1rios agradecem por fazerem parte da nossa hist\u00f3ria!<\/strong><\/p>\n<p style=\"text-align: center;\">Carlos Alberto Ross<br \/>\nPresidente<\/p>\n","protected":false},"excerpt":{"rendered":"<p>Fundado em 22 de junho de 1980, o Sindicato das&hellip;<\/p>\n<p> <a class=\"more-link\" href=\"https:\/\/sertsc.org.br\/site\/sertsc-37-anos-em-prol-da-radiodifusao-catarinense\/\">Leia mais<\/a><\/p>\n","protected":false},"author":1,"featured_media":4930,"comment_status":"closed","ping_status":"open","sticky":false,"template":"","format":"standard","meta":{"footnotes":""},"categories":[3],"tags":[],"class_list":{"0":"post-4929","1":"post","2":"type-post","3":"status-publish","4":"format-standard","5":"has-post-thumbnail","7":"category-noticias"},"_links":{"self":[{"href":"https:\/\/sertsc.org.br\/site\/wp-json\/wp\/v2\/posts\/4929","targetHints":{"allow":["GET"]}}],"collection":[{"href":"https:\/\/sertsc.org.br\/site\/wp-json\/wp\/v2\/posts"}],"about":[{"href":"https:\/\/sertsc.org.br\/site\/wp-json\/wp\/v2\/types\/post"}],"author":[{"embeddable":true,"href":"https:\/\/sertsc.org.br\/site\/wp-json\/wp\/v2\/users\/1"}],"replies":[{"embeddable":true,"href":"https:\/\/sertsc.org.br\/site\/wp-json\/wp\/v2\/comments?post=4929"}],"version-history":[{"count":0,"href":"https:\/\/sertsc.org.br\/site\/wp-json\/wp\/v2\/posts\/4929\/revisions"}],"wp:featuredmedia":[{"embeddable":true,"href":"https:\/\/sertsc.org.br\/site\/wp-json\/"}],"wp:attachment":[{"href":"https:\/\/sertsc.org.br\/site\/wp-json\/wp\/v2\/media?parent=4929"}],"wp:term":[{"taxonomy":"category","embeddable":true,"href":"https:\/\/sertsc.org.br\/site\/wp-json\/wp\/v2\/categories?post=4929"},{"taxonomy":"post_tag","embeddable":true,"href":"https:\/\/sertsc.org.br\/site\/wp-json\/wp\/v2\/tags?post=4929"}],"curies":[{"name":"wp","href":"https:\/\/api.w.org\/{rel}","templated":true}]}}