{"id":4924,"date":"2017-06-22T11:25:16","date_gmt":"2017-06-22T14:25:16","guid":{"rendered":"http:\/\/www.sertsc.org.br\/site\/?p=4924"},"modified":"2017-06-22T11:25:16","modified_gmt":"2017-06-22T14:25:16","slug":"sertsc-visita-oabsc","status":"publish","type":"post","link":"https:\/\/sertsc.org.br\/site\/sertsc-visita-oabsc\/","title":{"rendered":"SERT\/SC visita OAB\/SC"},"content":{"rendered":"<p style=\"text-align: justify;\">Na tarde desta quarta-feira, 21, o Representante Patronal do R\u00e1dio e Televis\u00e3o de Santa Catarina \u2013 SERT\/SC, representado pela Gestora G\u00e9deas Gomes e o Assessor Jur\u00eddico Dr. Marcos Ant\u00f4nio Silveira, reuniram-se com a Senhora Greyce Digiacomo Broering\u00a0na Ordem dos Advogados do Brasil &#8211; OAB\/SC com o objetivo de tratar de assuntos relacionados ao Portal Transpar\u00eancia e buscar informa\u00e7\u00f5es para aprimorar a nossa atua\u00e7\u00e3o jur\u00eddica no sindicato.<\/p>\n\n<p>Fonte: Sindicato das Empresas de R\u00e1dio e Televis\u00e3o &#8211; SERT\/SC.<\/p>\n","protected":false},"excerpt":{"rendered":"<p>Na tarde desta quarta-feira, 21, o Representante Patronal do R\u00e1dio&hellip;<\/p>\n<p> <a class=\"more-link\" href=\"https:\/\/sertsc.org.br\/site\/sertsc-visita-oabsc\/\">Leia mais<\/a><\/p>\n","protected":false},"author":1,"featured_media":4926,"comment_status":"closed","ping_status":"open","sticky":false,"template":"","format":"standard","meta":{"footnotes":""},"categories":[33],"tags":[],"class_list":{"0":"post-4924","1":"post","2":"type-post","3":"status-publish","4":"format-standard","5":"has-post-thumbnail","7":"category-destaques"},"_links":{"self":[{"href":"https:\/\/sertsc.org.br\/site\/wp-json\/wp\/v2\/posts\/4924","targetHints":{"allow":["GET"]}}],"collection":[{"href":"https:\/\/sertsc.org.br\/site\/wp-json\/wp\/v2\/posts"}],"about":[{"href":"https:\/\/sertsc.org.br\/site\/wp-json\/wp\/v2\/types\/post"}],"author":[{"embeddable":true,"href":"https:\/\/sertsc.org.br\/site\/wp-json\/wp\/v2\/users\/1"}],"replies":[{"embeddable":true,"href":"https:\/\/sertsc.org.br\/site\/wp-json\/wp\/v2\/comments?post=4924"}],"version-history":[{"count":0,"href":"https:\/\/sertsc.org.br\/site\/wp-json\/wp\/v2\/posts\/4924\/revisions"}],"wp:featuredmedia":[{"embeddable":true,"href":"https:\/\/sertsc.org.br\/site\/wp-json\/"}],"wp:attachment":[{"href":"https:\/\/sertsc.org.br\/site\/wp-json\/wp\/v2\/media?parent=4924"}],"wp:term":[{"taxonomy":"category","embeddable":true,"href":"https:\/\/sertsc.org.br\/site\/wp-json\/wp\/v2\/categories?post=4924"},{"taxonomy":"post_tag","embeddable":true,"href":"https:\/\/sertsc.org.br\/site\/wp-json\/wp\/v2\/tags?post=4924"}],"curies":[{"name":"wp","href":"https:\/\/api.w.org\/{rel}","templated":true}]}}