{"id":4920,"date":"2017-06-21T15:37:49","date_gmt":"2017-06-21T18:37:49","guid":{"rendered":"http:\/\/www.sertsc.org.br\/site\/?p=4920"},"modified":"2017-06-21T15:37:49","modified_gmt":"2017-06-21T18:37:49","slug":"fortaleza-sedia-o-fala-norte-e-nordeste","status":"publish","type":"post","link":"https:\/\/sertsc.org.br\/site\/fortaleza-sedia-o-fala-norte-e-nordeste\/","title":{"rendered":"Fortaleza sedia o Fala Norte e Nordeste"},"content":{"rendered":"<div class=\"itemIntroText\">\n<p style=\"text-align: justify;\">Entre os dias 4 e 6 de setembro, Fortaleza (CE) vai receber o Congresso Fala Norte e Nordeste. Com o tema \u201cO papel do r\u00e1dio e da televis\u00e3o como protagonista do desenvolvimento e da gera\u00e7\u00e3o de neg\u00f3cios\u201d, o evento organizado pela Associa\u00e7\u00e3o Cearense de Emissoras de R\u00e1dio e Televis\u00e3o (ACERT), espera reunir radiodifusores de 16 estados brasileiros.<\/p>\n<\/div>\n<div class=\"itemFullText\">\n<p style=\"text-align: justify;\">Os congressistas ter\u00e3o workshops sobre novas tecnologias da radiodifus\u00e3o e palestras com especialistas e temas da atualidade. Al\u00e9m dos pain\u00e9is de debates, uma feira de neg\u00f3cios reunir\u00e1 as principais empresas e novidades do setor.<\/p>\n<p style=\"text-align: justify;\"><strong>Pr\u00eamio Aboio de Comunica\u00e7\u00e3o<\/strong><br \/>\nEm paralelo \u00e0 programa\u00e7\u00e3o do Fala Norte e Nordeste, acontecer\u00e1 a Jornada Aboio de Comunica\u00e7\u00e3o, com o lan\u00e7amento do Desafio Aboio. Os estudantes que participarem do Congresso ter\u00e3o a oportunidade de criar uma campanha para uma das empresas patrocinadoras do evento. Al\u00e9m da experi\u00eancia, a melhor ideia ser\u00e1 reconhecida com um pr\u00eamio.<\/p>\n<p>J\u00e1 a criatividade dos profissionais que t\u00eam propagandas divulgadas nas emissoras afiliadas da ACERT receber\u00e1 o Pr\u00eamio Aboio de Comunica\u00e7\u00e3o, que est\u00e1 na sua 3\u00aa edi\u00e7\u00e3o.<\/p>\n<p style=\"text-align: justify;\">O Fala Norte e Nordeste tem o apoio da ABERT e acontece no centro de eventos F\u00e1brica de Neg\u00f3cios, na praia de Iracema. As inscri\u00e7\u00f5es j\u00e1 est\u00e3o abertas no site <strong><a href=\"http:\/\/falanortenordeste.com.br\/\">http:\/\/falanortenordeste.com.br\/<\/a>.<\/strong><\/p>\n<p style=\"text-align: justify;\">Fonte: ABERT.<\/p>\n<\/div>\n","protected":false},"excerpt":{"rendered":"<p>Entre os dias 4 e 6 de setembro, Fortaleza (CE)&hellip;<\/p>\n<p> <a class=\"more-link\" href=\"https:\/\/sertsc.org.br\/site\/fortaleza-sedia-o-fala-norte-e-nordeste\/\">Leia mais<\/a><\/p>\n","protected":false},"author":1,"featured_media":4921,"comment_status":"closed","ping_status":"open","sticky":false,"template":"","format":"standard","meta":{"footnotes":""},"categories":[3],"tags":[],"class_list":{"0":"post-4920","1":"post","2":"type-post","3":"status-publish","4":"format-standard","5":"has-post-thumbnail","7":"category-noticias"},"_links":{"self":[{"href":"https:\/\/sertsc.org.br\/site\/wp-json\/wp\/v2\/posts\/4920","targetHints":{"allow":["GET"]}}],"collection":[{"href":"https:\/\/sertsc.org.br\/site\/wp-json\/wp\/v2\/posts"}],"about":[{"href":"https:\/\/sertsc.org.br\/site\/wp-json\/wp\/v2\/types\/post"}],"author":[{"embeddable":true,"href":"https:\/\/sertsc.org.br\/site\/wp-json\/wp\/v2\/users\/1"}],"replies":[{"embeddable":true,"href":"https:\/\/sertsc.org.br\/site\/wp-json\/wp\/v2\/comments?post=4920"}],"version-history":[{"count":0,"href":"https:\/\/sertsc.org.br\/site\/wp-json\/wp\/v2\/posts\/4920\/revisions"}],"wp:featuredmedia":[{"embeddable":true,"href":"https:\/\/sertsc.org.br\/site\/wp-json\/"}],"wp:attachment":[{"href":"https:\/\/sertsc.org.br\/site\/wp-json\/wp\/v2\/media?parent=4920"}],"wp:term":[{"taxonomy":"category","embeddable":true,"href":"https:\/\/sertsc.org.br\/site\/wp-json\/wp\/v2\/categories?post=4920"},{"taxonomy":"post_tag","embeddable":true,"href":"https:\/\/sertsc.org.br\/site\/wp-json\/wp\/v2\/tags?post=4920"}],"curies":[{"name":"wp","href":"https:\/\/api.w.org\/{rel}","templated":true}]}}