{"id":4918,"date":"2017-06-20T16:13:53","date_gmt":"2017-06-20T19:13:53","guid":{"rendered":"http:\/\/www.sertsc.org.br\/site\/?p=4918"},"modified":"2017-06-20T16:13:53","modified_gmt":"2017-06-20T19:13:53","slug":"apagao-analogico-da-tv-aberta-em-goiania-deve-acontecer-nesta-quarta-feira","status":"publish","type":"post","link":"https:\/\/sertsc.org.br\/site\/apagao-analogico-da-tv-aberta-em-goiania-deve-acontecer-nesta-quarta-feira\/","title":{"rendered":"Apag\u00e3o anal\u00f3gico da TV aberta em Goi\u00e2nia deve acontecer nesta quarta-feira"},"content":{"rendered":"<p style=\"text-align: justify;\">Com 92% dos domic\u00edlios j\u00e1 recebendo o sinal digital da TV aberta, o desligamento do sinal anal\u00f3gico em Goi\u00e2nia e mais 28 cidades do entorno deve ser confirmado para esta quarta-feira, 21. Os novos n\u00fameros da pesquisa foram apresentados ao Gired (grupo de implanta\u00e7\u00e3o da digitaliza\u00e7\u00e3o) nesta ter\u00e7a-feira, 20, pelo Ibope Intelig\u00eancia, empresa contratada pela Entidade Administradora da Digitaliza\u00e7\u00e3o (EAD) para aferir o grau de digitaliza\u00e7\u00e3o.<\/p>\n<p style=\"text-align: justify;\">A data inicial para o switch-off anal\u00f3gico nos munic\u00edpios era 31 de maio, mas a aferi\u00e7\u00e3o da digitaliza\u00e7\u00e3o dos domic\u00edlios chegou a 88%, abaixo portanto dos 90% exigidos no decreto que regulamenta as condi\u00e7\u00f5es de desligamento. O prazo foi ent\u00e3o adiado para o dia 21 de junho.<\/p>\n<p style=\"text-align: justify;\">A EAD superou tamb\u00e9m a quantidade de kits gratuitos (antena, conversor e controle remoto) distribu\u00eddos aos benefici\u00e1rios dos programas sociais do governo federal. Em vez dos 295,2 mil previstos inicialmente, foram entregues mais de 400 mil, alcan\u00e7ando o percentual de 135%. E esse n\u00famero deve crescer ainda mais, j\u00e1 que a distribui\u00e7\u00e3o permanecer\u00e1 por 45 dias ap\u00f3s o desligamento do sinal anal\u00f3gico.<\/p>\n<p style=\"text-align: justify;\">Por determina\u00e7\u00e3o do Gired, os canais abertos que tiverem o sinal anal\u00f3gico desligado dever\u00e3o ainda apresentar na tela durante 30 dias uma cartela informativa para que o telespectador seja informado do fim das transmiss\u00f5es anal\u00f3gicas.\u00a0De acordo com o levantamento, Goi\u00e2nia conta com 505,5 mil domic\u00edlios, enquanto os munic\u00edpios do entorno somam 465,7 mil.<\/p>\n<p style=\"text-align: justify;\">Fonte: Teletime.<\/p>\n","protected":false},"excerpt":{"rendered":"<p>Com 92% dos domic\u00edlios j\u00e1 recebendo o sinal digital da&hellip;<\/p>\n<p> <a class=\"more-link\" href=\"https:\/\/sertsc.org.br\/site\/apagao-analogico-da-tv-aberta-em-goiania-deve-acontecer-nesta-quarta-feira\/\">Leia mais<\/a><\/p>\n","protected":false},"author":1,"featured_media":4675,"comment_status":"closed","ping_status":"open","sticky":false,"template":"","format":"standard","meta":{"footnotes":""},"categories":[3],"tags":[],"class_list":{"0":"post-4918","1":"post","2":"type-post","3":"status-publish","4":"format-standard","5":"has-post-thumbnail","7":"category-noticias"},"_links":{"self":[{"href":"https:\/\/sertsc.org.br\/site\/wp-json\/wp\/v2\/posts\/4918","targetHints":{"allow":["GET"]}}],"collection":[{"href":"https:\/\/sertsc.org.br\/site\/wp-json\/wp\/v2\/posts"}],"about":[{"href":"https:\/\/sertsc.org.br\/site\/wp-json\/wp\/v2\/types\/post"}],"author":[{"embeddable":true,"href":"https:\/\/sertsc.org.br\/site\/wp-json\/wp\/v2\/users\/1"}],"replies":[{"embeddable":true,"href":"https:\/\/sertsc.org.br\/site\/wp-json\/wp\/v2\/comments?post=4918"}],"version-history":[{"count":0,"href":"https:\/\/sertsc.org.br\/site\/wp-json\/wp\/v2\/posts\/4918\/revisions"}],"wp:featuredmedia":[{"embeddable":true,"href":"https:\/\/sertsc.org.br\/site\/wp-json\/"}],"wp:attachment":[{"href":"https:\/\/sertsc.org.br\/site\/wp-json\/wp\/v2\/media?parent=4918"}],"wp:term":[{"taxonomy":"category","embeddable":true,"href":"https:\/\/sertsc.org.br\/site\/wp-json\/wp\/v2\/categories?post=4918"},{"taxonomy":"post_tag","embeddable":true,"href":"https:\/\/sertsc.org.br\/site\/wp-json\/wp\/v2\/tags?post=4918"}],"curies":[{"name":"wp","href":"https:\/\/api.w.org\/{rel}","templated":true}]}}