{"id":4899,"date":"2017-06-20T10:08:57","date_gmt":"2017-06-20T13:08:57","guid":{"rendered":"http:\/\/www.sertsc.org.br\/site\/?p=4899"},"modified":"2017-06-20T10:08:57","modified_gmt":"2017-06-20T13:08:57","slug":"4899-2","status":"publish","type":"post","link":"https:\/\/sertsc.org.br\/site\/4899-2\/","title":{"rendered":"SERT\/SC PROMOVE PALESTRAS EM CRICI\u00daMA"},"content":{"rendered":"<p style=\"text-align: justify;\">Amigos radiodifusores! O Representante Patronal do R\u00e1dio e Televis\u00e3o de Santa Catarina &#8211; SERT\/SC \u00a0estar\u00e1 realizando ao longo deste ano, ciclos de palestras, o segundo Encontro Regional ser\u00e1 <strong>no dia 15 de julho no Hotel Interclass em Crici\u00fama!<\/strong><\/p>\n<p><iframe title=\"SERT\/SC promover\u00e1 Encontro Regional em Crici\u00fama!\" width=\"800\" height=\"450\" src=\"https:\/\/www.youtube.com\/embed\/yxPrtDcrqkE?feature=oembed\" frameborder=\"0\" allow=\"accelerometer; autoplay; clipboard-write; encrypted-media; gyroscope; picture-in-picture; web-share\" referrerpolicy=\"strict-origin-when-cross-origin\" allowfullscreen><\/iframe><\/p>\n<p style=\"text-align: justify;\">O objetivo dessas palestras ser\u00e1 munir as filiadas de informa\u00e7\u00f5es e ferramentas de trabalho que lhes sejam \u00fateis na gest\u00e3o de suas emissoras.<\/p>\n<p style=\"text-align: justify;\">Ao contr\u00e1rio da maioria dos palestrantes existentes no pa\u00eds, <strong>Fernando Morgado\u00a0<\/strong>\u00e9 reconhecido por ser especialista em radiodifus\u00e3o, ministrando diversos semin\u00e1rios t\u00e9cnicos para empres\u00e1rios do setor.<\/p>\n<p style=\"text-align: justify;\">Outro diferencial importante apresentado pelo palestrante \u00e9 que os conte\u00fados que ser\u00e3o abordados nessas palestras respeitar\u00e3o o nosso interesse e as especificidades do mercado de radiodifus\u00e3o, n\u00e3o se tratando da mera replica\u00e7\u00e3o de conceitos gen\u00e9ricos.<\/p>\n<p style=\"text-align: justify;\"><strong>Temas abordados: <\/strong><strong>Contexto das mudan\u00e7as no setor de radiodifus\u00e3o; Especificidade e benef\u00edcios; Cultura corporativa: a import\u00e2ncia para o r\u00e1dio; Planejamento estrat\u00e9gico e cultura corporativa voltadas para resultados; Estrat\u00e9gia para ampliar as vendas de sua emissoras e casos de sucesso em r\u00e1dio.<\/strong><\/p>\n<p style=\"text-align: justify;\"><strong><br \/>\n<\/strong><strong>Sobre o palestrante: <\/strong>Fernando Morgado \u00e9 professor da FACHA e professor convidado de institui\u00e7\u00f5es como Universidad Aut\u00f3noma Metropolitana do M\u00e9xico, ESPM e PUC-Rio. Autor do livro biogr\u00e1fico <em>Silvio Santos: a trajet\u00f3ria do mito<\/em>\u00a0(Matrix, 2017). Tem outros seis livros como autor, coautor e colaborador. Foi consultor da Federa\u00e7\u00e3o Nacional das Empresas de R\u00e1dio e Televis\u00e3o (FENAERT). atuou na \u00e1rea de intelig\u00eancia de mercado do Sistema Globo de R\u00e1dio e foi comentarista da R\u00e1dio MEC. Mestrando em Gest\u00e3o da Economia Criativa, p\u00f3s-graduado em Gest\u00e3o Empresarial e Marketing e graduado em Design com Habilita\u00e7\u00e3o em Comunica\u00e7\u00e3o Visual e \u00canfase em Marketing pela ESPM.<\/p>\n<p>&nbsp;<\/p>\n<p style=\"text-align: center;\"><strong>\u00a0<\/strong><strong>CONFIRA NOSSA PROGRAMA\u00c7\u00c3O:<\/strong><strong><br \/>\n<\/strong><strong>\u00a0\u00a0\u00a0\u00a0\u00a0\u00a0\u00a0\u00a0 (Sujeito altera\u00e7\u00e3o)<\/strong><\/p>\n<p style=\"text-align: justify;\"><strong>S\u00e1bado \u2013 15\/07 \u2013 <\/strong><strong>Diretores das emissoras, Gestores e Colaboradores.<\/strong><\/p>\n<p style=\"text-align: justify;\"><strong>9h \u2013<\/strong>\u00a0Abertura do Encontro Regional com a palavra do presidente do SERT\/SC, assessores e convidados tratando de assuntos relacionados ao sindicato Estadual e da Regi\u00e3o Sul e F\u00f3rum de Ideias;<br \/>\n<strong>9h30 \u2013<\/strong>\u00a0Palestra \u2013 Consultor Jur\u00eddico Dr. Marcos Ant\u00f4nio Silveira.<br \/>\n<strong>Pauta:<\/strong>\u00a0Redes Sociais na Radiodifus\u00e3o;<br \/>\n<strong>10h30\u2013<\/strong>\u00a0<strong>Coffee Break<\/strong><\/p>\n<p style=\"text-align: justify;\"><strong>11h <\/strong><strong>\u2013<\/strong>\u00a0Palestra \u2013 Fernando Morgado \u2013 Pesquisador de m\u00eddia e comunica\u00e7\u00e3o e j\u00e1 atuou na \u00e1rea de intelig\u00eancia de mercado do Sistema Globo de R\u00e1dio (RJ)<br \/>\n<strong>Pauta:<\/strong>\u00a0Planejamento Estrat\u00e9gico nas empresas de Radiodifus\u00e3o;<\/p>\n<p style=\"text-align: justify;\"><strong>13h- Almo\u00e7o de Encerramento<\/strong><\/p>\n<p style=\"text-align: justify;\">Para facilitar a nossa organiza\u00e7\u00e3o, solicitamos confirma\u00e7\u00e3o da sua participa\u00e7\u00e3o, por\u00a0<b><a href=\"mailto:sert@sertsc.org.br?subject=Encontro%20Regional%20em%20Crici%C3%BAma\" target=\"_blank\" rel=\"noopener noreferrer\">e-mail\u00a0<\/a><\/b>ou por telefone.<\/p>\n<p style=\"text-align: justify;\"><strong>Obs: Informamos que as P<u>alestras e Refei\u00e7\u00f5es<\/u> oferecidas durante o Encontro Regional s\u00e3o totalmente gratuitas para as empresas filiadas.<\/strong><\/p>\n<p style=\"text-align: center;\"><strong>\u00a0<\/strong>Venha descobrir como trabalhar sua marca e como lucrar mais.<\/p>\n<p style=\"text-align: center;\"><strong>Carlos Alberto Ross<\/strong><\/p>\n<p style=\"text-align: center;\"><strong>Presidente do SERT\/SC<\/strong><\/p>\n","protected":false},"excerpt":{"rendered":"<p>Amigos radiodifusores! O Representante Patronal do R\u00e1dio e Televis\u00e3o de&hellip;<\/p>\n<p> <a class=\"more-link\" href=\"https:\/\/sertsc.org.br\/site\/4899-2\/\">Leia mais<\/a><\/p>\n","protected":false},"author":1,"featured_media":4900,"comment_status":"closed","ping_status":"open","sticky":false,"template":"","format":"standard","meta":{"footnotes":""},"categories":[33],"tags":[],"class_list":{"0":"post-4899","1":"post","2":"type-post","3":"status-publish","4":"format-standard","5":"has-post-thumbnail","7":"category-destaques"},"_links":{"self":[{"href":"https:\/\/sertsc.org.br\/site\/wp-json\/wp\/v2\/posts\/4899","targetHints":{"allow":["GET"]}}],"collection":[{"href":"https:\/\/sertsc.org.br\/site\/wp-json\/wp\/v2\/posts"}],"about":[{"href":"https:\/\/sertsc.org.br\/site\/wp-json\/wp\/v2\/types\/post"}],"author":[{"embeddable":true,"href":"https:\/\/sertsc.org.br\/site\/wp-json\/wp\/v2\/users\/1"}],"replies":[{"embeddable":true,"href":"https:\/\/sertsc.org.br\/site\/wp-json\/wp\/v2\/comments?post=4899"}],"version-history":[{"count":0,"href":"https:\/\/sertsc.org.br\/site\/wp-json\/wp\/v2\/posts\/4899\/revisions"}],"wp:featuredmedia":[{"embeddable":true,"href":"https:\/\/sertsc.org.br\/site\/wp-json\/"}],"wp:attachment":[{"href":"https:\/\/sertsc.org.br\/site\/wp-json\/wp\/v2\/media?parent=4899"}],"wp:term":[{"taxonomy":"category","embeddable":true,"href":"https:\/\/sertsc.org.br\/site\/wp-json\/wp\/v2\/categories?post=4899"},{"taxonomy":"post_tag","embeddable":true,"href":"https:\/\/sertsc.org.br\/site\/wp-json\/wp\/v2\/tags?post=4899"}],"curies":[{"name":"wp","href":"https:\/\/api.w.org\/{rel}","templated":true}]}}