{"id":4894,"date":"2017-06-22T12:00:35","date_gmt":"2017-06-22T15:00:35","guid":{"rendered":"http:\/\/www.sertsc.org.br\/site\/?p=4894"},"modified":"2017-06-22T12:00:35","modified_gmt":"2017-06-22T15:00:35","slug":"premio-fiesc-de-jornalismo-2017-sera-lancado-nesta-sexta-feira-23","status":"publish","type":"post","link":"https:\/\/sertsc.org.br\/site\/premio-fiesc-de-jornalismo-2017-sera-lancado-nesta-sexta-feira-23\/","title":{"rendered":"Pr\u00eamio FIESC de Jornalismo 2017 ser\u00e1 lan\u00e7ado nesta sexta-feira (23)"},"content":{"rendered":"<p style=\"text-align: justify;\">A Federa\u00e7\u00e3o das Ind\u00fastrias de Santa Catarina (FIESC) lan\u00e7a nesta\u00a0sexta-feira (23) a edi\u00e7\u00e3o 2017 de seu Pr\u00eamio de Jornalismo. O ato ser\u00e1 realizado durante a reuni\u00e3o de diretoria da entidade e contar\u00e1 com a participa\u00e7\u00e3o de representantes de entidades e empresas de comunica\u00e7\u00e3o do Estado.<u><\/u><u><\/u><\/p>\n<p style=\"text-align: justify;\">Realizado pela FIESC e pela Associa\u00e7\u00e3o Catarinense de Imprensa (ACI), o pr\u00eamio tem o apoio do Sindicato dos Jornalistas de Santa Catarina (SJSC), Associa\u00e7\u00e3o Catarinense de Emissoras de R\u00e1dio e Televis\u00e3o (Acaert), Associa\u00e7\u00e3o dos Di\u00e1rios do Interior (ADI\/SC), Associa\u00e7\u00e3o dos Jornais do Interior de Santa Catarina (Adjori\/SC), Sindicato das Empresas Propriet\u00e1rias de Jornais e Revistas do Estado de Santa Catarina (Sindejor\/SC) e Sindicato das Empresas de R\u00e1dio e Televis\u00e3o do Estado de Santa Catarina (Sert\/SC).<u><\/u><u><\/u><\/p>\n<p style=\"text-align: justify;\">Podem concorrer reportagens ou s\u00e9ries publicadas ou veiculadas no per\u00edodo de 20 de setembro de 2016 a 18 de setembro de 2017, em ve\u00edculos impressos, internet, televis\u00e3o e r\u00e1dio. O Pr\u00eamio \u00e9 o reconhecimento da ind\u00fastria a profissionais que registram a contribui\u00e7\u00e3o do setor produtivo ao desenvolvimento de Santa Catarina. As reportagens devem focar a economia industrial catarinense ou temas relacionados, como educa\u00e7\u00e3o e qualidade de vida do trabalhador; competitividade, tecnologia e inova\u00e7\u00e3o; ambiente para neg\u00f3cios e responsabilidade socioambiental.<u><\/u><u><\/u><\/p>\n<p style=\"text-align: justify;\">S\u00e3o tr\u00eas categorias &#8211; Texto, V\u00eddeo e \u00c1udio &#8211; que totalizam R$ 75 mil. O trabalho classificado em primeiro lugar em cada categoria receber\u00e1 R$ 20 mil, o segundo colocado em cada categoria ser\u00e1 premiado com R$ 3,5 mil e o terceiro colocado em cada categoria ser\u00e1 reconhecido com R$ 1,5 mil.<u><\/u><u><\/u><\/p>\n<p style=\"text-align: justify;\">Fonte:\u00a0<strong>Assessoria de Imprensa<\/strong><br \/>\n<strong>Federa\u00e7\u00e3o das Ind\u00fastrias do Estado de Santa Catarina<\/strong><\/p>\n<p>&nbsp;<\/p>\n","protected":false},"excerpt":{"rendered":"<p>A Federa\u00e7\u00e3o das Ind\u00fastrias de Santa Catarina (FIESC) lan\u00e7a nesta\u00a0sexta-feira&hellip;<\/p>\n<p> <a class=\"more-link\" href=\"https:\/\/sertsc.org.br\/site\/premio-fiesc-de-jornalismo-2017-sera-lancado-nesta-sexta-feira-23\/\">Leia mais<\/a><\/p>\n","protected":false},"author":1,"featured_media":4895,"comment_status":"closed","ping_status":"open","sticky":false,"template":"","format":"standard","meta":{"footnotes":""},"categories":[3],"tags":[],"class_list":{"0":"post-4894","1":"post","2":"type-post","3":"status-publish","4":"format-standard","5":"has-post-thumbnail","7":"category-noticias"},"_links":{"self":[{"href":"https:\/\/sertsc.org.br\/site\/wp-json\/wp\/v2\/posts\/4894","targetHints":{"allow":["GET"]}}],"collection":[{"href":"https:\/\/sertsc.org.br\/site\/wp-json\/wp\/v2\/posts"}],"about":[{"href":"https:\/\/sertsc.org.br\/site\/wp-json\/wp\/v2\/types\/post"}],"author":[{"embeddable":true,"href":"https:\/\/sertsc.org.br\/site\/wp-json\/wp\/v2\/users\/1"}],"replies":[{"embeddable":true,"href":"https:\/\/sertsc.org.br\/site\/wp-json\/wp\/v2\/comments?post=4894"}],"version-history":[{"count":0,"href":"https:\/\/sertsc.org.br\/site\/wp-json\/wp\/v2\/posts\/4894\/revisions"}],"wp:featuredmedia":[{"embeddable":true,"href":"https:\/\/sertsc.org.br\/site\/wp-json\/"}],"wp:attachment":[{"href":"https:\/\/sertsc.org.br\/site\/wp-json\/wp\/v2\/media?parent=4894"}],"wp:term":[{"taxonomy":"category","embeddable":true,"href":"https:\/\/sertsc.org.br\/site\/wp-json\/wp\/v2\/categories?post=4894"},{"taxonomy":"post_tag","embeddable":true,"href":"https:\/\/sertsc.org.br\/site\/wp-json\/wp\/v2\/tags?post=4894"}],"curies":[{"name":"wp","href":"https:\/\/api.w.org\/{rel}","templated":true}]}}