{"id":4891,"date":"2017-06-19T14:50:48","date_gmt":"2017-06-19T17:50:48","guid":{"rendered":"http:\/\/www.sertsc.org.br\/site\/?p=4891"},"modified":"2017-06-19T14:50:48","modified_gmt":"2017-06-19T17:50:48","slug":"campanha-do-desligamento-da-tv-analogica-chega-a-florianopolis","status":"publish","type":"post","link":"https:\/\/sertsc.org.br\/site\/campanha-do-desligamento-da-tv-analogica-chega-a-florianopolis\/","title":{"rendered":"Campanha do desligamento da TV anal\u00f3gica chega a Florian\u00f3polis"},"content":{"rendered":"<div class=\"itemIntroText\">\n<p style=\"text-align: justify;\">Santa Catarina come\u00e7a, em breve, a receber apenas o sinal digital de televis\u00e3o. As primeiras cidades do estado que passar\u00e3o pelo processo de desligamento da TV anal\u00f3gica s\u00e3o Florian\u00f3polis, Palho\u00e7a, Paulo Lopes, S\u00e3o Jos\u00e9 e Bigua\u00e7u, no dia 31 de janeiro de 2018. At\u00e9 l\u00e1, pelo menos 90% dos domic\u00edlios dever\u00e3o estar aptos a receber o sinal de TV digital terrestre. Para alertar a popula\u00e7\u00e3o e ajudar na prepara\u00e7\u00e3o para o novo sinal, a ABERT, a Associa\u00e7\u00e3o Catarinense de Emissoras de R\u00e1dio e Televis\u00e3o (ACAERT) e a Seja Digital (empresa respons\u00e1vel pelo desligamento do sinal anal\u00f3gico de TV no Brasil) v\u00e3o lan\u00e7ar, na quinta-feira (22), a campanha do desligamento do sinal anal\u00f3gico.<\/p>\n<\/div>\n<div class=\"itemFullText\">\n<p style=\"text-align: justify;\">O presidente da ABERT, Paulo Tonet Camargo, e o presidente da ACAERT, Marcello Corr\u00eaa Petrelli, estar\u00e3o presentes no evento.<\/p>\n<p style=\"text-align: justify;\">As a\u00e7\u00f5es de divulga\u00e7\u00e3o da chegada da TV digital atendem \u00e0s exig\u00eancias da Portaria 378\/2016 do Minist\u00e9rio das Comunica\u00e7\u00f5es, que prev\u00ea inser\u00e7\u00f5es para alertar a popula\u00e7\u00e3o sobre a mudan\u00e7a que est\u00e1 por vir. Desde janeiro deste ano, as emissoras locais est\u00e3o veiculando mensagens sobre o processo de migra\u00e7\u00e3o do sinal anal\u00f3gico para o digital.<\/p>\n<p>Para n\u00e3o ficar sem a programa\u00e7\u00e3o de TV aberta, a popula\u00e7\u00e3o precisa se preparar, com a instala\u00e7\u00e3o de conversor e antenas digitais nos aparelhos de televis\u00e3o. As TVs de tela fina fabricadas a partir de 2012 j\u00e1 possuem conversor integrado e precisam apenas da antena externa para sintonizar os canais digitais.<\/p>\n<p>O sinal digital gratuito da TV aberta possui melhor qualidade de som e imagem, al\u00e9m de ser livre de chuviscos e interfer\u00eancias.<\/p>\n<p>A TV anal\u00f3gica j\u00e1 foi desligada nas cidades de Rio Verde (GO), Bras\u00edlia e S\u00e3o Paulo (SP). Em Goi\u00e2nia, o desligamento acontece gradualmente e deve ser finalizado no dia 21 deste m\u00eas.<\/p>\n<p>Quase 46 mil kits digitais, com conversor, antena, cabos e controle remoto, ser\u00e3o distribu\u00eddos para as fam\u00edlias de baixa renda benefici\u00e1rias de programas sociais do governo federal em Florian\u00f3polis.<\/p>\n<p style=\"text-align: justify;\">Para saber mais sobre a distribui\u00e7\u00e3o dos kits e locais de retirada, ligue para <strong>147<\/strong> ou acesse <a href=\"http:\/\/www.sejadigital.com.br\/\">www.sejadigital.com.br<\/a>.<\/p>\n<p style=\"text-align: justify;\"><strong>SERVI\u00c7O<\/strong><br \/>\nData: 22 de junho<br \/>\nHora: 14h<br \/>\nLocal: Hotel Majestic &#8211; Florian\u00f3polis (SP)<\/p>\n<p style=\"text-align: justify;\"><strong>\u00daltimos dias para se preparar para a TV digital em Goi\u00e1s<\/strong><\/p>\n<p style=\"text-align: justify;\">Em Goi\u00e2nia (GO), onde o desligamento gradual come\u00e7ou no dia 31 de maio, a medi\u00e7\u00e3o do Kantar Ibope no dia 4 de junho apontava 96,2%. O desligamento definitivo na capital goiana e em outros 28 munic\u00edpios do estado acontece na pr\u00f3xima quarta-feira (21).<br \/>\nAs entregas dos kits digitais gratuitos na cidade chegaram a 391 mil e os agendamentos a 400 mil. S\u00e3o quase 100 mil kits entregues a mais que o or\u00e7ado. A previs\u00e3o inicial de entrega era de 293 mil.<\/p>\n<p style=\"text-align: justify;\"><strong>V\u00eddeos gratuitos da ABERT alertam \u00e0 popula\u00e7\u00e3o sobre a TV digital<\/strong><\/p>\n<p style=\"text-align: justify;\">Para que a audi\u00eancia n\u00e3o seja afetada com o desligamento da TV anal\u00f3gica, \u00e9 preciso esclarecer os telespectadores sobre o processo que est\u00e1 por vir. Para ajudar as emissoras de televis\u00e3o, a ABERT disponibilizou cinco v\u00eddeos com download gratuito que podem ser utilizados na programa\u00e7\u00e3o (<a href=\"http:\/\/www.abert.org.br\/web\/videos\/videos.zip\">clique aqui para baixar<\/a>).<\/p>\n<p style=\"text-align: justify;\">As anima\u00e7\u00f5es de 30 segundos esclarecem sobre a necessidade de adquirir um conversor, instalar a antena corretamente, e como as fam\u00edlias que participam de programas sociais podem ganhar um kit gratuito. As produ\u00e7\u00f5es s\u00e3o animadas pelos personagens da fam\u00edlia que protagoniza os v\u00eddeos sobre a TV digital da ABERT. Um dos v\u00eddeos mostra como ficar\u00e1 a televis\u00e3o do telespectador, com chiados e chuviscos, se ele n\u00e3o adaptar seu televisor.<\/p>\n<p style=\"text-align: justify;\">Para obter mais informa\u00e7\u00f5es, basta ligar para<strong> 0800 940 2104<\/strong> ou acessar <strong>www.abert.org.br<\/strong>.<\/p>\n<p style=\"text-align: justify;\">Fonte: ABERT.<\/p>\n<\/div>\n","protected":false},"excerpt":{"rendered":"<p>Santa Catarina come\u00e7a, em breve, a receber apenas o sinal&hellip;<\/p>\n<p> <a class=\"more-link\" href=\"https:\/\/sertsc.org.br\/site\/campanha-do-desligamento-da-tv-analogica-chega-a-florianopolis\/\">Leia mais<\/a><\/p>\n","protected":false},"author":1,"featured_media":4892,"comment_status":"closed","ping_status":"open","sticky":false,"template":"","format":"standard","meta":{"footnotes":""},"categories":[3],"tags":[],"class_list":{"0":"post-4891","1":"post","2":"type-post","3":"status-publish","4":"format-standard","5":"has-post-thumbnail","7":"category-noticias"},"_links":{"self":[{"href":"https:\/\/sertsc.org.br\/site\/wp-json\/wp\/v2\/posts\/4891","targetHints":{"allow":["GET"]}}],"collection":[{"href":"https:\/\/sertsc.org.br\/site\/wp-json\/wp\/v2\/posts"}],"about":[{"href":"https:\/\/sertsc.org.br\/site\/wp-json\/wp\/v2\/types\/post"}],"author":[{"embeddable":true,"href":"https:\/\/sertsc.org.br\/site\/wp-json\/wp\/v2\/users\/1"}],"replies":[{"embeddable":true,"href":"https:\/\/sertsc.org.br\/site\/wp-json\/wp\/v2\/comments?post=4891"}],"version-history":[{"count":0,"href":"https:\/\/sertsc.org.br\/site\/wp-json\/wp\/v2\/posts\/4891\/revisions"}],"wp:featuredmedia":[{"embeddable":true,"href":"https:\/\/sertsc.org.br\/site\/wp-json\/"}],"wp:attachment":[{"href":"https:\/\/sertsc.org.br\/site\/wp-json\/wp\/v2\/media?parent=4891"}],"wp:term":[{"taxonomy":"category","embeddable":true,"href":"https:\/\/sertsc.org.br\/site\/wp-json\/wp\/v2\/categories?post=4891"},{"taxonomy":"post_tag","embeddable":true,"href":"https:\/\/sertsc.org.br\/site\/wp-json\/wp\/v2\/tags?post=4891"}],"curies":[{"name":"wp","href":"https:\/\/api.w.org\/{rel}","templated":true}]}}