{"id":4880,"date":"2017-06-16T10:35:21","date_gmt":"2017-06-16T13:35:21","guid":{"rendered":"http:\/\/www.sertsc.org.br\/site\/?p=4880"},"modified":"2017-06-16T10:35:21","modified_gmt":"2017-06-16T13:35:21","slug":"radios-de-sp-assinam-contrato-para-funcionar-em-fm","status":"publish","type":"post","link":"https:\/\/sertsc.org.br\/site\/radios-de-sp-assinam-contrato-para-funcionar-em-fm\/","title":{"rendered":"R\u00e1dios de SP assinam contrato para funcionar em FM"},"content":{"rendered":"<div class=\"itemIntroText\">\n<p style=\"text-align: justify;\">Mais de 50 emissoras de r\u00e1dio do estado de S\u00e3o Paulo assinar\u00e3o, no dia 23 de junho, os termos aditivos de adapta\u00e7\u00e3o das outorgas para a migra\u00e7\u00e3o do AM para o FM. Este \u00e9 um dos \u00faltimos passos para a r\u00e1dio come\u00e7ar a operar na nova frequ\u00eancia.<\/p>\n<\/div>\n<div class=\"itemFullText\">\n<p style=\"text-align: justify;\">Ap\u00f3s a assinatura, a emissora precisa realizar o projeto de instala\u00e7\u00e3o e obter a aprova\u00e7\u00e3o de local e uso de radiofrequ\u00eancia.<\/p>\n<p style=\"text-align: justify;\">O mutir\u00e3o do Minist\u00e9rio da Ci\u00eancia, Tecnologia, Inova\u00e7\u00f5es e Comunica\u00e7\u00f5es (MCTIC) j\u00e1 passou pelos estados de Santa Catarina, Minas Gerais, Paran\u00e1, Goi\u00e1s, Tocantins e Rio Grande do Sul e tem como objetivo acelerar o processo de migra\u00e7\u00e3o em todo o pa\u00eds. Mais de 500 emissoras j\u00e1 assinaram o termo aditivo de migra\u00e7\u00e3o.<\/p>\n<p style=\"text-align: justify;\">Quase 1500 r\u00e1dios AM, das 1781 existentes no Brasil, solicitaram a migra\u00e7\u00e3o para o FM. Nesta primeira etapa, cerca de mil emissoras poder\u00e3o operar na faixa atual de FM, de 88 a 108 MHz. As demais emissoras ter\u00e3o que esperar concluir o processo de digitaliza\u00e7\u00e3o da TV para libera\u00e7\u00e3o da faixa estendida, de 76 at\u00e9 108 MHz.<\/p>\n<p style=\"text-align: justify;\">A cerim\u00f4nia de assinatura ser\u00e1 no Pal\u00e1cio dos Bandeirantes, sede do Governo de S\u00e3o Paulo, \u00e0s 10h e ter\u00e1 a presen\u00e7a do ministro Gilberto Kassab e de representantes da ABERT. Confirma\u00e7\u00e3o de presen\u00e7a pelo e-mail: <span id=\"cloak18f7ee327ef3fb2a98902a46b7e3e756\"><a href=\"mailto:cerimonial@mctic.gov.br\">cerimonial@mctic.gov.br<\/a><\/span> ou pelo telefone (61) 203-8774.<\/p>\n<p style=\"text-align: justify;\">Fonte: ABERT.<\/p>\n<\/div>\n","protected":false},"excerpt":{"rendered":"<p>Mais de 50 emissoras de r\u00e1dio do estado de S\u00e3o&hellip;<\/p>\n<p> <a class=\"more-link\" href=\"https:\/\/sertsc.org.br\/site\/radios-de-sp-assinam-contrato-para-funcionar-em-fm\/\">Leia mais<\/a><\/p>\n","protected":false},"author":1,"featured_media":4881,"comment_status":"closed","ping_status":"open","sticky":false,"template":"","format":"standard","meta":{"footnotes":""},"categories":[3],"tags":[],"class_list":{"0":"post-4880","1":"post","2":"type-post","3":"status-publish","4":"format-standard","5":"has-post-thumbnail","7":"category-noticias"},"_links":{"self":[{"href":"https:\/\/sertsc.org.br\/site\/wp-json\/wp\/v2\/posts\/4880","targetHints":{"allow":["GET"]}}],"collection":[{"href":"https:\/\/sertsc.org.br\/site\/wp-json\/wp\/v2\/posts"}],"about":[{"href":"https:\/\/sertsc.org.br\/site\/wp-json\/wp\/v2\/types\/post"}],"author":[{"embeddable":true,"href":"https:\/\/sertsc.org.br\/site\/wp-json\/wp\/v2\/users\/1"}],"replies":[{"embeddable":true,"href":"https:\/\/sertsc.org.br\/site\/wp-json\/wp\/v2\/comments?post=4880"}],"version-history":[{"count":0,"href":"https:\/\/sertsc.org.br\/site\/wp-json\/wp\/v2\/posts\/4880\/revisions"}],"wp:featuredmedia":[{"embeddable":true,"href":"https:\/\/sertsc.org.br\/site\/wp-json\/"}],"wp:attachment":[{"href":"https:\/\/sertsc.org.br\/site\/wp-json\/wp\/v2\/media?parent=4880"}],"wp:term":[{"taxonomy":"category","embeddable":true,"href":"https:\/\/sertsc.org.br\/site\/wp-json\/wp\/v2\/categories?post=4880"},{"taxonomy":"post_tag","embeddable":true,"href":"https:\/\/sertsc.org.br\/site\/wp-json\/wp\/v2\/tags?post=4880"}],"curies":[{"name":"wp","href":"https:\/\/api.w.org\/{rel}","templated":true}]}}