{"id":4877,"date":"2017-06-14T11:35:45","date_gmt":"2017-06-14T14:35:45","guid":{"rendered":"http:\/\/www.sertsc.org.br\/site\/?p=4877"},"modified":"2017-06-14T11:35:45","modified_gmt":"2017-06-14T14:35:45","slug":"abratel-tem-novo-presidente","status":"publish","type":"post","link":"https:\/\/sertsc.org.br\/site\/abratel-tem-novo-presidente\/","title":{"rendered":"Abratel tem novo presidente"},"content":{"rendered":"<p style=\"text-align: justify;\">A Associa\u00e7\u00e3o Brasileira de R\u00e1dio e Televis\u00e3o (Abratel) anunciou, nesta segunda-feira, 12, o jornalista e advogado M\u00e1rcio Novaes como o novo presidente da entidade. Diretor corporativo da TV Record, ele sucede a Luiz Claudio Costa, que \u00e9 o atual presidente da Rede Record.<\/p>\n<p style=\"text-align: justify;\">A nova diretoria \u00e9 composta tamb\u00e9m por Carlos Roberto Alves\u00a0(vice-presidente administrativo); Ver\u00edssimo de Jesus (vice-presidente financeiro); Marcelo de Lima Brasil (vice-presidente de r\u00e1dio); Luiz Cl\u00e1udio Costa (vice-presidente de televis\u00e3o) e \u00c1lvaro Vasconcelos\u00a0(diretor-geral). A Abratel existe desde mar\u00e7o de 1999.\u00a0Fazem parte da associa\u00e7\u00e3o RecordTV, Record News, RedeTV, que juntas representam mais de 250 emissoras de r\u00e1dio e televis\u00e3o.<\/p>\n<p style=\"text-align: justify;\">Fonte: Tela Viva<\/p>\n","protected":false},"excerpt":{"rendered":"<p>A Associa\u00e7\u00e3o Brasileira de R\u00e1dio e Televis\u00e3o (Abratel) anunciou, nesta&hellip;<\/p>\n<p> <a class=\"more-link\" href=\"https:\/\/sertsc.org.br\/site\/abratel-tem-novo-presidente\/\">Leia mais<\/a><\/p>\n","protected":false},"author":1,"featured_media":4878,"comment_status":"closed","ping_status":"open","sticky":false,"template":"","format":"standard","meta":{"footnotes":""},"categories":[3],"tags":[],"class_list":{"0":"post-4877","1":"post","2":"type-post","3":"status-publish","4":"format-standard","5":"has-post-thumbnail","7":"category-noticias"},"_links":{"self":[{"href":"https:\/\/sertsc.org.br\/site\/wp-json\/wp\/v2\/posts\/4877","targetHints":{"allow":["GET"]}}],"collection":[{"href":"https:\/\/sertsc.org.br\/site\/wp-json\/wp\/v2\/posts"}],"about":[{"href":"https:\/\/sertsc.org.br\/site\/wp-json\/wp\/v2\/types\/post"}],"author":[{"embeddable":true,"href":"https:\/\/sertsc.org.br\/site\/wp-json\/wp\/v2\/users\/1"}],"replies":[{"embeddable":true,"href":"https:\/\/sertsc.org.br\/site\/wp-json\/wp\/v2\/comments?post=4877"}],"version-history":[{"count":0,"href":"https:\/\/sertsc.org.br\/site\/wp-json\/wp\/v2\/posts\/4877\/revisions"}],"wp:featuredmedia":[{"embeddable":true,"href":"https:\/\/sertsc.org.br\/site\/wp-json\/"}],"wp:attachment":[{"href":"https:\/\/sertsc.org.br\/site\/wp-json\/wp\/v2\/media?parent=4877"}],"wp:term":[{"taxonomy":"category","embeddable":true,"href":"https:\/\/sertsc.org.br\/site\/wp-json\/wp\/v2\/categories?post=4877"},{"taxonomy":"post_tag","embeddable":true,"href":"https:\/\/sertsc.org.br\/site\/wp-json\/wp\/v2\/tags?post=4877"}],"curies":[{"name":"wp","href":"https:\/\/api.w.org\/{rel}","templated":true}]}}