{"id":4874,"date":"2017-06-14T10:33:47","date_gmt":"2017-06-14T13:33:47","guid":{"rendered":"http:\/\/www.sertsc.org.br\/site\/?p=4874"},"modified":"2017-06-14T10:33:47","modified_gmt":"2017-06-14T13:33:47","slug":"lancamento-da-campanha-do-desligamento-da-tv-analogica-na-grande-florianopolis","status":"publish","type":"post","link":"https:\/\/sertsc.org.br\/site\/lancamento-da-campanha-do-desligamento-da-tv-analogica-na-grande-florianopolis\/","title":{"rendered":"Lan\u00e7amento da campanha do desligamento da TV anal\u00f3gica na Grande Florian\u00f3polis"},"content":{"rendered":"<p class=\"font-16\" style=\"text-align: justify;\">Regi\u00e3o ser\u00e1 a primeira de Santa Catarina a contar com transmiss\u00e3o exclusiva de TV digital. Blumenau e Joinville v\u00eam em seguida<\/p>\n<p style=\"text-align: justify;\">A Associa\u00e7\u00e3o Brasileira de Emissoras de R\u00e1dio e Televis\u00e3o (Abert), Associa\u00e7\u00e3o Catarinense de R\u00e1dio e Televis\u00e3o (ACAERT) e a Seja Digital lan\u00e7am no <strong>dia 22 de junho<\/strong>, \u00e0s 14 horas, no Hotel Majestic, na capital, a campanha de desligamento da TV anal\u00f3gica na Grande Florian\u00f3polis. A partir de 31 de janeiro do ano que vem, os moradores de Florian\u00f3polis, S\u00e3o Jos\u00e9, Palho\u00e7a, Bigua\u00e7u e Paulo Lopes ter\u00e3o transmiss\u00e3o de tv exclusivamente digital. Esta \u00e9 a primeira etapa de migra\u00e7\u00e3o do anal\u00f3gico para o digital em Santa Catarina.<\/p>\n<p style=\"text-align: justify;\">No dia 05 de dezembro de 2018, ser\u00e1 a vez de Blumenau, Joinville e Jaragu\u00e1 do Sul. Nesta fase, a Seja Digital, entidade respons\u00e1vel por operacionalizar a migra\u00e7\u00e3o do sinal anal\u00f3gico para digital da televis\u00e3o aberta no Brasil, juntamente com as emissoras promovem v\u00e1rias a\u00e7\u00f5es diretas com o p\u00fablico, tirando d\u00favidas e ensinando a converter a televis\u00e3o. Haver\u00e1 ainda uma contagem regressiva para o final do sinal anal\u00f3gico com alertas durante a programa\u00e7\u00e3o di\u00e1ria. O desligamento do sinal anal\u00f3gico no restante dos munic\u00edpios catarinenses est\u00e1 previsto para 31 de dezembro de 2023.<\/p>\n<p style=\"text-align: justify;\">At\u00e9 o final do ano que vem, mais de 1300 cidades do Brasil ter\u00e3o o sinal anal\u00f3gico de TV desligado. Hoje, 45% dos domic\u00edlios brasileiros j\u00e1 recebem sinal digital de tv aberta, com imagem mais n\u00edtida, som de melhor qualidade e o fim de ru\u00eddos e interfer\u00eancia.<\/p>\n<p style=\"text-align: justify;\">Acompanhe, abaixo, as principais informa\u00e7\u00f5es:<\/p>\n<p style=\"text-align: justify;\"><strong>&#8211; Quais regi\u00f5es do pa\u00eds j\u00e1 s\u00e3o 100% digital?<\/strong><\/p>\n<p style=\"text-align: justify;\">Rio Verde (GO), Bras\u00edlia e S\u00e3o Paulo.<\/p>\n<p style=\"text-align: justify;\"><strong>&#8211; O que muda com a migra\u00e7\u00e3o do anal\u00f3gico para o digital?<\/strong><\/p>\n<p style=\"text-align: justify;\">A programa\u00e7\u00e3o das emissoras ser\u00e1 a mesma e continua gratuita. Al\u00e9m da qualidade de som e imagem superiores, a TV Digital acaba com fantasmas, ru\u00eddos e interfer\u00eancias que existiam na TV anal\u00f3gica. A interatividade \u00e9 outro aspecto inovador da TV Digital.<\/p>\n<p style=\"text-align: justify;\"><strong>&#8211; Como fazer para pegar o sinal digital da tv?<\/strong><\/p>\n<p style=\"text-align: justify;\">De maneira geral, \u00e9 preciso ter um conversor. Nos aparelhos de tv mais modernos, o conversor j\u00e1 vem embutido, bastando conectar direto na antena UHF.<\/p>\n<p style=\"text-align: justify;\"><strong>&#8211; Preciso comprar uma televis\u00e3o nova?<\/strong><\/p>\n<p style=\"text-align: justify;\">N\u00e3o. Todas os televisores podem ser utilizados para assistir os canais abertos transmitidos pelo sinal digital. Por\u00e9m, seu televisor pode precisar de adapta\u00e7\u00f5es. Se o aparelho for uma televis\u00e3o de tubo, ser\u00e1 necess\u00e1rio instalar um conversor de sinal. Se o televisor for de tela fina e n\u00e3o tiver o conversor embutido, tamb\u00e9m precisar\u00e1 de um conversor de sinal. Para ter certeza se o televisor j\u00e1 tem o conversor embutido, consulte o manual do fabricante.<\/p>\n<p style=\"text-align: justify;\"><strong>&#8211; Onde posso comprar o conversor?<\/strong><\/p>\n<p style=\"text-align: justify;\">Em lojas de eletroeletr\u00f4nicos e na internet. Benefici\u00e1rios do Bolsa Fam\u00edlia receber\u00e3o gratuitamente um kit da tv digital.<\/p>\n<p style=\"text-align: justify;\"><strong>&#8211; Por que preciso de uma antena UHF?<\/strong><\/p>\n<p style=\"text-align: justify;\">Porque outros modelos de antena n\u00e3o captam o sinal digital de televis\u00e3o. Sem uma antena UHF, os televisores n\u00e3o poder\u00e3o exibir a programa\u00e7\u00e3o dos canais abertos de televis\u00e3o transmitidos pelo sinal digital.<\/p>\n<p style=\"text-align: justify;\"><strong>&#8211; Quais s\u00e3o os tipos de antena indicados para capta\u00e7\u00e3o do sinal digital?<\/strong><\/p>\n<p style=\"text-align: justify;\">De maneira geral, uma antena externa possui melhor recep\u00e7\u00e3o que uma interna. \u00c9 aconselh\u00e1vel que se instale a recep\u00e7\u00e3o atrav\u00e9s de antena externa sempre que poss\u00edvel, por melhorar o n\u00edvel de recep\u00e7\u00e3o do sinal de TV Digital.<\/p>\n<p style=\"text-align: justify;\"><strong>&#8211; O que acontecer\u00e1 quando o sinal anal\u00f3gico de TV for desligado em minha cidade?<\/strong><\/p>\n<p style=\"text-align: justify;\">Assim que o sinal anal\u00f3gico de TV for desligado, toda a programa\u00e7\u00e3o dos canais abertos transmitidos pelo sinal anal\u00f3gico deixar\u00e1 de ser exibida. A tela de sua TV exibir\u00e1 uma mensagem informando que o sinal anal\u00f3gico foi desligado e que a programa\u00e7\u00e3o continua sendo exibida pelo sinal digital.<\/p>\n<p style=\"text-align: justify;\"><strong>&#8211; Onde saber o cronograma de desligamento na minha cidade?<\/strong><\/p>\n<p style=\"text-align: justify;\">Acesse o site <a href=\"http:\/\/www.sejadigital.com.br\/\">www.sejadigital.com.br<\/a><\/p>\n<p style=\"text-align: justify;\">Fonte: ACAERT<\/p>\n","protected":false},"excerpt":{"rendered":"<p>Regi\u00e3o ser\u00e1 a primeira de Santa Catarina a contar com&hellip;<\/p>\n<p> <a class=\"more-link\" href=\"https:\/\/sertsc.org.br\/site\/lancamento-da-campanha-do-desligamento-da-tv-analogica-na-grande-florianopolis\/\">Leia mais<\/a><\/p>\n","protected":false},"author":1,"featured_media":4875,"comment_status":"closed","ping_status":"open","sticky":false,"template":"","format":"standard","meta":{"footnotes":""},"categories":[3],"tags":[],"class_list":{"0":"post-4874","1":"post","2":"type-post","3":"status-publish","4":"format-standard","5":"has-post-thumbnail","7":"category-noticias"},"_links":{"self":[{"href":"https:\/\/sertsc.org.br\/site\/wp-json\/wp\/v2\/posts\/4874","targetHints":{"allow":["GET"]}}],"collection":[{"href":"https:\/\/sertsc.org.br\/site\/wp-json\/wp\/v2\/posts"}],"about":[{"href":"https:\/\/sertsc.org.br\/site\/wp-json\/wp\/v2\/types\/post"}],"author":[{"embeddable":true,"href":"https:\/\/sertsc.org.br\/site\/wp-json\/wp\/v2\/users\/1"}],"replies":[{"embeddable":true,"href":"https:\/\/sertsc.org.br\/site\/wp-json\/wp\/v2\/comments?post=4874"}],"version-history":[{"count":0,"href":"https:\/\/sertsc.org.br\/site\/wp-json\/wp\/v2\/posts\/4874\/revisions"}],"wp:featuredmedia":[{"embeddable":true,"href":"https:\/\/sertsc.org.br\/site\/wp-json\/"}],"wp:attachment":[{"href":"https:\/\/sertsc.org.br\/site\/wp-json\/wp\/v2\/media?parent=4874"}],"wp:term":[{"taxonomy":"category","embeddable":true,"href":"https:\/\/sertsc.org.br\/site\/wp-json\/wp\/v2\/categories?post=4874"},{"taxonomy":"post_tag","embeddable":true,"href":"https:\/\/sertsc.org.br\/site\/wp-json\/wp\/v2\/tags?post=4874"}],"curies":[{"name":"wp","href":"https:\/\/api.w.org\/{rel}","templated":true}]}}