{"id":4867,"date":"2017-06-14T09:07:28","date_gmt":"2017-06-14T12:07:28","guid":{"rendered":"http:\/\/www.sertsc.org.br\/site\/?p=4867"},"modified":"2017-06-14T09:07:28","modified_gmt":"2017-06-14T12:07:28","slug":"nota-de-pesar","status":"publish","type":"post","link":"https:\/\/sertsc.org.br\/site\/nota-de-pesar\/","title":{"rendered":"NOTA DE PESAR"},"content":{"rendered":"<p style=\"text-align: justify;\">O <strong>Sindicato das Empresas de R\u00e1dio e Televis\u00e3o do Estado de Santa Catarina<\/strong> &#8211; SERT\/SC lamenta profundamente o falecimento do radiodifusor Ary Corr\u00eaa Ramos, propriet\u00e1rio da R\u00e1dio Alvorada de Santa Cec\u00edlia, que, com \u00e9tica e profissionalismo, se dedicou \u00e0 defesa dos interesses da radiodifus\u00e3o catarinense.<\/p>\n<p style=\"text-align: justify;\">O vel\u00f3rio ocorre durante o dia de hoje na capela mortu\u00e1ria de Santa Cec\u00edlia e o sepultamento est\u00e1 previsto \u00e0s 16h30 desta quarta-feira (14) no cemit\u00e9rio da cidade.<\/p>\n<p style=\"text-align: justify;\">A Diretoria, filiadas e funcion\u00e1rios do SERT\/SC apresentam seus votos de solidariedade a todos os colaboradores da R\u00e1dio Alvorada e aos familiares e amigos de Ary Corr\u00eaa Ramos.<\/p>\n<p style=\"text-align: center;\"><strong>Carlos Alberto Ross<\/strong><br \/>\n<em><strong>Presidente<\/strong><\/em><\/p>\n","protected":false},"excerpt":{"rendered":"<p>O Sindicato das Empresas de R\u00e1dio e Televis\u00e3o do Estado&hellip;<\/p>\n<p> <a class=\"more-link\" href=\"https:\/\/sertsc.org.br\/site\/nota-de-pesar\/\">Leia mais<\/a><\/p>\n","protected":false},"author":1,"featured_media":4868,"comment_status":"closed","ping_status":"open","sticky":false,"template":"","format":"standard","meta":{"footnotes":""},"categories":[3],"tags":[],"class_list":{"0":"post-4867","1":"post","2":"type-post","3":"status-publish","4":"format-standard","5":"has-post-thumbnail","7":"category-noticias"},"_links":{"self":[{"href":"https:\/\/sertsc.org.br\/site\/wp-json\/wp\/v2\/posts\/4867","targetHints":{"allow":["GET"]}}],"collection":[{"href":"https:\/\/sertsc.org.br\/site\/wp-json\/wp\/v2\/posts"}],"about":[{"href":"https:\/\/sertsc.org.br\/site\/wp-json\/wp\/v2\/types\/post"}],"author":[{"embeddable":true,"href":"https:\/\/sertsc.org.br\/site\/wp-json\/wp\/v2\/users\/1"}],"replies":[{"embeddable":true,"href":"https:\/\/sertsc.org.br\/site\/wp-json\/wp\/v2\/comments?post=4867"}],"version-history":[{"count":0,"href":"https:\/\/sertsc.org.br\/site\/wp-json\/wp\/v2\/posts\/4867\/revisions"}],"wp:featuredmedia":[{"embeddable":true,"href":"https:\/\/sertsc.org.br\/site\/wp-json\/"}],"wp:attachment":[{"href":"https:\/\/sertsc.org.br\/site\/wp-json\/wp\/v2\/media?parent=4867"}],"wp:term":[{"taxonomy":"category","embeddable":true,"href":"https:\/\/sertsc.org.br\/site\/wp-json\/wp\/v2\/categories?post=4867"},{"taxonomy":"post_tag","embeddable":true,"href":"https:\/\/sertsc.org.br\/site\/wp-json\/wp\/v2\/tags?post=4867"}],"curies":[{"name":"wp","href":"https:\/\/api.w.org\/{rel}","templated":true}]}}