{"id":4848,"date":"2017-06-13T09:16:23","date_gmt":"2017-06-13T12:16:23","guid":{"rendered":"http:\/\/www.sertsc.org.br\/site\/?p=4848"},"modified":"2017-06-13T09:16:23","modified_gmt":"2017-06-13T12:16:23","slug":"status-da-migracao-santa-catarina-tem-seis-novas-fms","status":"publish","type":"post","link":"https:\/\/sertsc.org.br\/site\/status-da-migracao-santa-catarina-tem-seis-novas-fms\/","title":{"rendered":"STATUS da MIGRA\u00c7\u00c3O: Santa Catarina tem seis novas FMs"},"content":{"rendered":"<p class=\"font-16\" style=\"text-align: justify;\">Outras 22 emissoras aguardam autoriza\u00e7\u00f5es e equipamentos para mudar de frequ\u00eancia<\/p>\n<p style=\"text-align: justify;\">Santa Catarina ganhou seis novas FMs nos \u00faltimos meses, todas emissoras que nasceram no AM e conclu\u00edram o processo de migra\u00e7\u00e3o.\u00a0S\u00e3o elas: <strong>R\u00e1dio Coroado de Curitibanos &#8211; 1,061 FM; a R\u00e1dio Difusora de Laguna \u2013 91,5 FM; a R\u00e1dio Pomorode \u2013 95,1 FM; R\u00e1dio Educadora de Tai\u00f3 \u2013 90,3 FM; R\u00e1dio Cultura de Timb\u00f3 \u2013 92,1 FM; e a r\u00e1dio Gralha Azul de Urubici \u2013 98,3 FM<\/strong>. Com isso, o estado j\u00e1 totaliza 17* emissoras que migraram do AM para o FM.<\/p>\n<p style=\"text-align: justify;\">Outras 22** emissoras\u00a0ainda est\u00e3o em processo de migra\u00e7\u00e3o, ou seja, realizando a compra de equipamentos, elaborando os projetos t\u00e9cnicos e solicitando as devidas autoriza\u00e7\u00f5es da ANATEL (rela\u00e7\u00e3o completa das emissoras abaixo).<\/p>\n<p style=\"text-align: justify;\">Mais de 50 R\u00e1dios precisar\u00e3o aguardar o desligamento da TV anal\u00f3gica \u2013 e a libera\u00e7\u00e3o dos canais 5 e 6 (de 76 FM a 87 FM) \u2013 para poder migrar no FM estendido.<\/p>\n<p style=\"text-align: justify;\">Em Florian\u00f3polis, Blumenau e Joinville o desligamento da TV anal\u00f3gica j\u00e1 tem data definida; na capital a previs\u00e3o \u00e9 31 de janeiro de 2018.<\/p>\n<p style=\"text-align: justify;\"><strong>Confira abaixo o \u201cstatus\u201d da migra\u00e7\u00e3o:<\/strong><\/p>\n<p style=\"text-align: center;\" align=\"center\"><strong>17 R\u00e1dios AM j\u00e1 est\u00e3o operando em FM*<\/strong><\/p>\n<p style=\"text-align: justify;\" align=\"center\"><a href=\"http:\/\/www.sertsc.org.br\/site\/wp-content\/uploads\/2017\/06\/migra1.jpg\"><img fetchpriority=\"high\" decoding=\"async\" class=\"aligncenter size-full wp-image-4849\" src=\"http:\/\/www.sertsc.org.br\/site\/wp-content\/uploads\/2017\/06\/migra1.jpg\" alt=\"migra1\" width=\"680\" height=\"410\" \/><\/a><\/p>\n<p style=\"text-align: center;\" align=\"center\"><strong>22 R\u00e1dios est\u00e3o em processo de Migra\u00e7\u00e3o AM- FM**<\/strong><\/p>\n<p style=\"text-align: center;\" align=\"center\"><a href=\"http:\/\/www.sertsc.org.br\/site\/wp-content\/uploads\/2017\/06\/migra2.jpg\"><img decoding=\"async\" class=\"aligncenter size-full wp-image-4850\" src=\"http:\/\/www.sertsc.org.br\/site\/wp-content\/uploads\/2017\/06\/migra2.jpg\" alt=\"migra2\" width=\"680\" height=\"518\" \/><\/a><\/p>\n<p style=\"text-align: justify;\" align=\"center\">Fonte: ACAERT.<\/p>\n","protected":false},"excerpt":{"rendered":"<p>Outras 22 emissoras aguardam autoriza\u00e7\u00f5es e equipamentos para mudar de&hellip;<\/p>\n<p> <a class=\"more-link\" href=\"https:\/\/sertsc.org.br\/site\/status-da-migracao-santa-catarina-tem-seis-novas-fms\/\">Leia mais<\/a><\/p>\n","protected":false},"author":1,"featured_media":4851,"comment_status":"closed","ping_status":"open","sticky":false,"template":"","format":"standard","meta":{"footnotes":""},"categories":[3],"tags":[],"class_list":{"0":"post-4848","1":"post","2":"type-post","3":"status-publish","4":"format-standard","5":"has-post-thumbnail","7":"category-noticias"},"_links":{"self":[{"href":"https:\/\/sertsc.org.br\/site\/wp-json\/wp\/v2\/posts\/4848","targetHints":{"allow":["GET"]}}],"collection":[{"href":"https:\/\/sertsc.org.br\/site\/wp-json\/wp\/v2\/posts"}],"about":[{"href":"https:\/\/sertsc.org.br\/site\/wp-json\/wp\/v2\/types\/post"}],"author":[{"embeddable":true,"href":"https:\/\/sertsc.org.br\/site\/wp-json\/wp\/v2\/users\/1"}],"replies":[{"embeddable":true,"href":"https:\/\/sertsc.org.br\/site\/wp-json\/wp\/v2\/comments?post=4848"}],"version-history":[{"count":0,"href":"https:\/\/sertsc.org.br\/site\/wp-json\/wp\/v2\/posts\/4848\/revisions"}],"wp:featuredmedia":[{"embeddable":true,"href":"https:\/\/sertsc.org.br\/site\/wp-json\/"}],"wp:attachment":[{"href":"https:\/\/sertsc.org.br\/site\/wp-json\/wp\/v2\/media?parent=4848"}],"wp:term":[{"taxonomy":"category","embeddable":true,"href":"https:\/\/sertsc.org.br\/site\/wp-json\/wp\/v2\/categories?post=4848"},{"taxonomy":"post_tag","embeddable":true,"href":"https:\/\/sertsc.org.br\/site\/wp-json\/wp\/v2\/tags?post=4848"}],"curies":[{"name":"wp","href":"https:\/\/api.w.org\/{rel}","templated":true}]}}