{"id":4842,"date":"2017-06-12T15:18:03","date_gmt":"2017-06-12T18:18:03","guid":{"rendered":"http:\/\/www.sertsc.org.br\/site\/?p=4842"},"modified":"2017-06-12T15:18:03","modified_gmt":"2017-06-12T18:18:03","slug":"techdays-movimenta-radiodifusao-paulista-em-campinas","status":"publish","type":"post","link":"https:\/\/sertsc.org.br\/site\/techdays-movimenta-radiodifusao-paulista-em-campinas\/","title":{"rendered":"Techdays movimenta radiodifus\u00e3o paulista em Campinas"},"content":{"rendered":"<div class=\"itemIntroText\">\n<p style=\"text-align: justify;\">Mais do que palestras, o Techdays gera intera\u00e7\u00e3o e troca de experi\u00eancias entre os participantes. Foi assim o evento \u00a0na \u00faltima sexta-feira (9), que reuniu 70 radiodifusores, profissionais da comunica\u00e7\u00e3o e engenheiros em Campinas (SP).<\/p>\n<\/div>\n<div class=\"itemFullText\">\n<p style=\"text-align: justify;\">O diretor de R\u00e1dio da ABERT, Andr\u00e9 Cintra, \u00e9 um dos respons\u00e1veis pelo planejamento e canaliza\u00e7\u00e3o das faixas AM e FM no Brasil e trabalha em conjunto com as entidades respons\u00e1veis pela migra\u00e7\u00e3o do r\u00e1dio. Ap\u00f3s a palestra sobre o assunto, os participantes aproveitaram para procurar o diretor e tirar d\u00favidas sobre o processo.<\/p>\n<p style=\"text-align: justify;\">\u201cEsse tipo de encontro \u00e9 essencial para que o radiodifusor fique por dentro dos detalhes da migra\u00e7\u00e3o e para que ele se sinta confiante em rela\u00e7\u00e3o \u00e0s mudan\u00e7as que est\u00e3o por vir. At\u00e9 o final deste ano, o Minist\u00e9rio espera finalizar o processo de cerca de mil emissoras. Muitas delas participaram do Techdays. Al\u00e9m disso, \u00e9 uma oportunidade para a ABERT se aproximar ainda mais dos radiodifusores\u201d, afirmou Cintra.<\/p>\n<p style=\"text-align: justify;\">Na palestra sobre o MobiAbert, tamb\u00e9m n\u00e3o foi diferente. Muitos radiodifusores buscaram a coordenadora do projeto, Tain\u00e1 Farfan, ap\u00f3s a palestra, para tirar d\u00favidas e expor suas dificuldades. Apesar de estarem empolgados com as oportunidades dadas pela ABERT, um dos maiores anseios \u00e9 a dificuldade para adaptar a programa\u00e7\u00e3o \u00e0s novas tecnologias. A Associa\u00e7\u00e3o tem se esfor\u00e7ado para ajudar o setor a se adaptar \u00e0s tend\u00eancias digitais e de demandas da audi\u00eancia.<\/p>\n<p style=\"text-align: justify;\">O evento contou, ainda, com uma palestra da presidente do Instituto Palavra Aberta, Patr\u00edcia Blanco, sobre a relev\u00e2ncia do jornalismo profissional no combate \u00e0s not\u00edcias falsas. Outros temas, como \u201cCompet\u00eancias da Anatel\u201d, \u201cPerfil do vendedor atual\u201d e \u201cInova\u00e7\u00e3o como diferencial para as emissoras\u201d tamb\u00e9m foram apresentados aos participantes.<br \/>\nA pr\u00f3xima edi\u00e7\u00e3o do Techdays ser\u00e1 em Belo Horizonte, no dia 7 de julho. As inscri\u00e7\u00f5es ser\u00e3o abertas em breve.<\/p>\n<p style=\"text-align: justify;\">Fonte: ABERT.<\/p>\n<\/div>\n","protected":false},"excerpt":{"rendered":"<p>Mais do que palestras, o Techdays gera intera\u00e7\u00e3o e troca&hellip;<\/p>\n<p> <a class=\"more-link\" href=\"https:\/\/sertsc.org.br\/site\/techdays-movimenta-radiodifusao-paulista-em-campinas\/\">Leia mais<\/a><\/p>\n","protected":false},"author":1,"featured_media":4843,"comment_status":"closed","ping_status":"open","sticky":false,"template":"","format":"standard","meta":{"footnotes":""},"categories":[3],"tags":[],"class_list":{"0":"post-4842","1":"post","2":"type-post","3":"status-publish","4":"format-standard","5":"has-post-thumbnail","7":"category-noticias"},"_links":{"self":[{"href":"https:\/\/sertsc.org.br\/site\/wp-json\/wp\/v2\/posts\/4842","targetHints":{"allow":["GET"]}}],"collection":[{"href":"https:\/\/sertsc.org.br\/site\/wp-json\/wp\/v2\/posts"}],"about":[{"href":"https:\/\/sertsc.org.br\/site\/wp-json\/wp\/v2\/types\/post"}],"author":[{"embeddable":true,"href":"https:\/\/sertsc.org.br\/site\/wp-json\/wp\/v2\/users\/1"}],"replies":[{"embeddable":true,"href":"https:\/\/sertsc.org.br\/site\/wp-json\/wp\/v2\/comments?post=4842"}],"version-history":[{"count":0,"href":"https:\/\/sertsc.org.br\/site\/wp-json\/wp\/v2\/posts\/4842\/revisions"}],"wp:featuredmedia":[{"embeddable":true,"href":"https:\/\/sertsc.org.br\/site\/wp-json\/"}],"wp:attachment":[{"href":"https:\/\/sertsc.org.br\/site\/wp-json\/wp\/v2\/media?parent=4842"}],"wp:term":[{"taxonomy":"category","embeddable":true,"href":"https:\/\/sertsc.org.br\/site\/wp-json\/wp\/v2\/categories?post=4842"},{"taxonomy":"post_tag","embeddable":true,"href":"https:\/\/sertsc.org.br\/site\/wp-json\/wp\/v2\/tags?post=4842"}],"curies":[{"name":"wp","href":"https:\/\/api.w.org\/{rel}","templated":true}]}}