{"id":4831,"date":"2017-06-09T11:55:28","date_gmt":"2017-06-09T14:55:28","guid":{"rendered":"http:\/\/www.sertsc.org.br\/site\/?p=4831"},"modified":"2017-06-09T11:55:28","modified_gmt":"2017-06-09T14:55:28","slug":"sertsc-lanca-forum-de-ideias","status":"publish","type":"post","link":"https:\/\/sertsc.org.br\/site\/sertsc-lanca-forum-de-ideias\/","title":{"rendered":"SERT\/SC LAN\u00c7A F\u00d3RUM DE IDEIAS!"},"content":{"rendered":"<p style=\"text-align: justify;\">O Representante Patronal do R\u00e1dio e da TV de Santa Catarina &#8211; <strong>SERT\/SC<\/strong>, estar\u00e1 no dia 15 de julho, em Crici\u00fama no hotel Interclass, promovendo Encontro Regional, tratando de diversos assuntos relacionados a radiodifus\u00e3o.<\/p>\n<p style=\"text-align: justify;\">Com objetivo de estar cada vez mais pr\u00f3ximo das filiadas e de melhorar ainda mais os servi\u00e7os prestados, o <strong>SERT\/SC<\/strong> <strong>lan\u00e7a o \u201cF\u00f3rum de Ideias\u201d <\/strong>para ouvir as necessidades das emissoras<strong>, <\/strong>al\u00e9m de promover debates, reflex\u00e3o e troca de conhecimento.<\/p>\n<p style=\"text-align: justify;\">Envie sugest\u00f5es ou problemas relacionados a radiodifus\u00e3o da sua regi\u00e3o, para que possamos auxili\u00e1-los juridicamente de forma eficaz e debater no Encontro Regional as d\u00favidas recebidas.<\/p>\n<p style=\"text-align: justify;\">A participa\u00e7\u00e3o de todos\u00a0\u00e9 de suma import\u00e2ncia para juntos construirmos a\u00e7\u00f5es que atendam as necessidades apontadas.<\/p>\n<p style=\"text-align: center;\"><strong>\u00a0A SUA PARTICIPA\u00c7\u00c3O FAZ TODA A DIFEREN\u00c7A!<\/strong><\/p>\n<p style=\"text-align: center;\"><strong>\u00a0<\/strong><\/p>\n<p style=\"text-align: center;\"><strong>PROGRAMA\u00c7\u00c3O<\/strong><\/p>\n<p style=\"text-align: center;\"><strong>ENCONTRO REGIONAL:<br \/>\n<\/strong><strong>(Sujeito altera\u00e7\u00e3o)<\/strong><\/p>\n<p style=\"text-align: center;\"><strong>\u00a0<\/strong><strong>S\u00e1bado \u2013 15\/07 \u2013 <\/strong><strong>Diretores das emissoras, Gestores e Colaboradores.<\/strong><\/p>\n<p style=\"text-align: justify;\"><strong>9h \u2013<\/strong>\u00a0Abertura do Encontro Regional com a palavra do presidente do SERT\/SC, assessores e convidados tratando de assuntos relacionados ao sindicato Estadual e da Regi\u00e3o Sul;<br \/>\n<strong>9h30 \u2013<\/strong>\u00a0Palestra \u2013 Consultor Jur\u00eddico Dr. Marcos Ant\u00f4nio Silveira.<br \/>\n<strong>Pauta:<\/strong>\u00a0Redes Sociais na Radiodifus\u00e3o;<br \/>\n<strong>10h30\u2013<\/strong>\u00a0<strong>Coffee Break<\/strong><\/p>\n<p style=\"text-align: justify;\"><strong>11h \u2013<\/strong>\u00a0Palestra \u2013 Fernando Morgado \u2013 Pesquisador de m\u00eddia e comunica\u00e7\u00e3o e j\u00e1 atuou na \u00e1rea de intelig\u00eancia de mercado do Sistema Globo de R\u00e1dio (RJ)<br \/>\n<strong>Pauta:<\/strong>\u00a0Planejamento Estrat\u00e9gico nas empresas de Radiodifus\u00e3o;<\/p>\n<p style=\"text-align: justify;\"><strong>13h &#8211; Almo\u00e7o de Encerramento.<\/strong><\/p>\n<p style=\"text-align: justify;\">Fonte: Sindicato das Empresas de R\u00e1dio e Televis\u00e3o do Estado de Santa Catarina &#8211; SERT\/SC.<\/p>\n","protected":false},"excerpt":{"rendered":"<p>O Representante Patronal do R\u00e1dio e da TV de Santa&hellip;<\/p>\n<p> <a class=\"more-link\" href=\"https:\/\/sertsc.org.br\/site\/sertsc-lanca-forum-de-ideias\/\">Leia mais<\/a><\/p>\n","protected":false},"author":1,"featured_media":4835,"comment_status":"closed","ping_status":"open","sticky":false,"template":"","format":"standard","meta":{"footnotes":""},"categories":[33],"tags":[],"class_list":{"0":"post-4831","1":"post","2":"type-post","3":"status-publish","4":"format-standard","5":"has-post-thumbnail","7":"category-destaques"},"_links":{"self":[{"href":"https:\/\/sertsc.org.br\/site\/wp-json\/wp\/v2\/posts\/4831","targetHints":{"allow":["GET"]}}],"collection":[{"href":"https:\/\/sertsc.org.br\/site\/wp-json\/wp\/v2\/posts"}],"about":[{"href":"https:\/\/sertsc.org.br\/site\/wp-json\/wp\/v2\/types\/post"}],"author":[{"embeddable":true,"href":"https:\/\/sertsc.org.br\/site\/wp-json\/wp\/v2\/users\/1"}],"replies":[{"embeddable":true,"href":"https:\/\/sertsc.org.br\/site\/wp-json\/wp\/v2\/comments?post=4831"}],"version-history":[{"count":0,"href":"https:\/\/sertsc.org.br\/site\/wp-json\/wp\/v2\/posts\/4831\/revisions"}],"wp:featuredmedia":[{"embeddable":true,"href":"https:\/\/sertsc.org.br\/site\/wp-json\/"}],"wp:attachment":[{"href":"https:\/\/sertsc.org.br\/site\/wp-json\/wp\/v2\/media?parent=4831"}],"wp:term":[{"taxonomy":"category","embeddable":true,"href":"https:\/\/sertsc.org.br\/site\/wp-json\/wp\/v2\/categories?post=4831"},{"taxonomy":"post_tag","embeddable":true,"href":"https:\/\/sertsc.org.br\/site\/wp-json\/wp\/v2\/tags?post=4831"}],"curies":[{"name":"wp","href":"https:\/\/api.w.org\/{rel}","templated":true}]}}