{"id":4827,"date":"2017-06-08T14:21:03","date_gmt":"2017-06-08T17:21:03","guid":{"rendered":"http:\/\/www.sertsc.org.br\/site\/?p=4827"},"modified":"2017-06-08T14:21:03","modified_gmt":"2017-06-08T17:21:03","slug":"radiodifusores-pedem-designacao-da-faixa-estendida-para-migracao-do-fm","status":"publish","type":"post","link":"https:\/\/sertsc.org.br\/site\/radiodifusores-pedem-designacao-da-faixa-estendida-para-migracao-do-fm\/","title":{"rendered":"Radiodifusores pedem designa\u00e7\u00e3o da faixa estendida para migra\u00e7\u00e3o do FM"},"content":{"rendered":"<div class=\"itemIntroText\">\n<p style=\"text-align: justify;\">Com mais de 350 participantes, n\u00famero recorde para o evento, o SET Sul 2017 debateu, entre v\u00e1rios temas, o futuro do r\u00e1dio com a migra\u00e7\u00e3o do AM para o FM.<\/p>\n<\/div>\n<div class=\"itemFullText\">\n<p style=\"text-align: justify;\">No encontro realizado em Curitiba (PR), nos dias 6 e 7, o diretor de R\u00e1dio da ABERT, Andr\u00e9 Cintra, destacou que a expectativa do setor \u00e9 que a faixa estendida do FM seja disponibilizada o mais r\u00e1pido poss\u00edvel para acomodar as emissoras que ir\u00e3o migrar, mas que n\u00e3o cabem ainda na faixa atual de 88 Mhz a 107,9 Mhz.<\/p>\n<p style=\"text-align: justify;\">\u201cA amplia\u00e7\u00e3o da faixa a partir de 76Mhz acomodar\u00e1 as emissoras de r\u00e1dio de grandes centros, como S\u00e3o Paulo, Rio, Belo Horizonte e Curitiba, que est\u00e3o migrando, e que neste momento n\u00e3o podem funcionar em FM. Al\u00e9m disso, quanto mais r\u00e1pido o dial for estendido, mais r\u00e1pido as emissoras poder\u00e3o estar em v\u00e1rios dispositivos, como por exemplo, em aparelhos de celular\u201d, disse.<\/p>\n<p style=\"text-align: justify;\">Cintra lembrou ainda que na faixa atual n\u00e3o ser\u00e1 poss\u00edvel o aumento de pot\u00eancia por parte das emissoras que migraram para o FM. \u201dO espectro atual est\u00e1 lotado. Futuramente, o aumento da pot\u00eancia s\u00f3 ser\u00e1 poss\u00edvel para as emissoras que estiverem na faixa estendida, por isso, a import\u00e2ncia do planejamento desta faixa\u201d.<\/p>\n<p style=\"text-align: justify;\">J\u00e1 o diretor de R\u00e1dio da SET, Eduardo Cappia, destacou que a prioridade do setor \u00e9 a amplia\u00e7\u00e3o da presen\u00e7a do chip de FM em celulares. \u201cO r\u00e1dio no celular n\u00e3o \u00e9 uma demanda apenas do setor, mas sim do p\u00fablico, que poder\u00e1 receber gratuitamente, sem conex\u00e3o com a internet, o conte\u00fado das emissoras\u201d.<\/p>\n<p style=\"text-align: justify;\">O diretor t\u00e9cnico da Associa\u00e7\u00e3o das Emissoras de Radiodifus\u00e3o do Paran\u00e1 (Aerp), Roberto Lang, ressaltou os primeiros resultados da migra\u00e7\u00e3o do AM para o FM no interior do estado. \u201c\u00c9 poss\u00edvel perceber uma demanda maior por r\u00e1dio. As pessoas est\u00e3o muito interessadas e felizes com a melhora da qualidade do \u00e1udio das emissoras\u201d. concluiu.<\/p>\n<p style=\"text-align: justify;\">O SET Sul faz parte do ciclo de encontros realizados pela Sociedade Brasileira de Engenharia de Televis\u00e3o (SET) em todas as regi\u00f5es do Brasil e \u00e9 voltado para profissionais, pesquisadores e estudantes da \u00e1rea de telecomunica\u00e7\u00f5es, do setor audiovisual e da radiodifus\u00e3o. O pr\u00f3ximo evento ser\u00e1 o SET Sudeste, nos dias 4 e 5 de outubro, no Rio de Janeiro (RJ).<\/p>\n<p style=\"text-align: justify;\">Fonte: ABERT.<\/p>\n<\/div>\n","protected":false},"excerpt":{"rendered":"<p>Com mais de 350 participantes, n\u00famero recorde para o evento,&hellip;<\/p>\n<p> <a class=\"more-link\" href=\"https:\/\/sertsc.org.br\/site\/radiodifusores-pedem-designacao-da-faixa-estendida-para-migracao-do-fm\/\">Leia mais<\/a><\/p>\n","protected":false},"author":1,"featured_media":4828,"comment_status":"closed","ping_status":"open","sticky":false,"template":"","format":"standard","meta":{"footnotes":""},"categories":[3],"tags":[],"class_list":{"0":"post-4827","1":"post","2":"type-post","3":"status-publish","4":"format-standard","5":"has-post-thumbnail","7":"category-noticias"},"_links":{"self":[{"href":"https:\/\/sertsc.org.br\/site\/wp-json\/wp\/v2\/posts\/4827","targetHints":{"allow":["GET"]}}],"collection":[{"href":"https:\/\/sertsc.org.br\/site\/wp-json\/wp\/v2\/posts"}],"about":[{"href":"https:\/\/sertsc.org.br\/site\/wp-json\/wp\/v2\/types\/post"}],"author":[{"embeddable":true,"href":"https:\/\/sertsc.org.br\/site\/wp-json\/wp\/v2\/users\/1"}],"replies":[{"embeddable":true,"href":"https:\/\/sertsc.org.br\/site\/wp-json\/wp\/v2\/comments?post=4827"}],"version-history":[{"count":0,"href":"https:\/\/sertsc.org.br\/site\/wp-json\/wp\/v2\/posts\/4827\/revisions"}],"wp:featuredmedia":[{"embeddable":true,"href":"https:\/\/sertsc.org.br\/site\/wp-json\/"}],"wp:attachment":[{"href":"https:\/\/sertsc.org.br\/site\/wp-json\/wp\/v2\/media?parent=4827"}],"wp:term":[{"taxonomy":"category","embeddable":true,"href":"https:\/\/sertsc.org.br\/site\/wp-json\/wp\/v2\/categories?post=4827"},{"taxonomy":"post_tag","embeddable":true,"href":"https:\/\/sertsc.org.br\/site\/wp-json\/wp\/v2\/tags?post=4827"}],"curies":[{"name":"wp","href":"https:\/\/api.w.org\/{rel}","templated":true}]}}