{"id":4741,"date":"2017-06-01T11:07:49","date_gmt":"2017-06-01T14:07:49","guid":{"rendered":"http:\/\/www.sertsc.org.br\/site\/?p=4741"},"modified":"2017-06-01T11:07:49","modified_gmt":"2017-06-01T14:07:49","slug":"radio-e-consumido-na-mesma-proporcao-por-todas-as-faixas-etarias","status":"publish","type":"post","link":"https:\/\/sertsc.org.br\/site\/radio-e-consumido-na-mesma-proporcao-por-todas-as-faixas-etarias\/","title":{"rendered":"R\u00e1dio \u00e9 consumido na mesma propor\u00e7\u00e3o por todas as faixas et\u00e1rias"},"content":{"rendered":"<p style=\"text-align: justify;\">O estudo \u201c<em>The Nielsen Comparable Metrics Report<\/em>\u201d referente ao \u00faltimo trimestre de 2016 e divulgado nesta \u00faltima semana, comparou a audi\u00eancia de diferentes plataformas no mercado americano.<\/p>\n<p style=\"text-align: justify;\">A pesquisa mostrou que o share do r\u00e1dio \u00e9 de 16% do total de horas de consumo. Este percentual se mant\u00e9m no mesmo patamar, mesmo quando se faz um corte para diferentes faixas et\u00e1rias. Outras plataformas n\u00e3o tem este comportamento. A medida que o p\u00fablico \u00e9 mais jovem, a TV perde audi\u00eancia enquanto o smartphone ganha.<\/p>\n<p style=\"text-align: justify;\">Em termos absolutos, o p\u00fablico mais jovem consome um total de horas menor das plataformas consideradas no estudo. Por\u00e9m, no caso do r\u00e1dio, o share se mant\u00e9m inalterado.<\/p>\n<p style=\"text-align: justify;\"><img fetchpriority=\"high\" decoding=\"async\" class=\"aligncenter wp-image-4742\" src=\"http:\/\/www.sertsc.org.br\/site\/wp-content\/uploads\/2017\/06\/audiencia-media-por-plataforma-eua-t4-2016.png\" alt=\"audiencia-media-por-plataforma-eua-t4-2016\" width=\"920\" height=\"479\" \/><\/p>\n<p style=\"text-align: justify;\">Fonte: Nielsen \/ The Nielsen Comparable Metrics Report Q4 2016<\/p>\n","protected":false},"excerpt":{"rendered":"<p>O estudo \u201cThe Nielsen Comparable Metrics Report\u201d referente ao \u00faltimo&hellip;<\/p>\n<p> <a class=\"more-link\" href=\"https:\/\/sertsc.org.br\/site\/radio-e-consumido-na-mesma-proporcao-por-todas-as-faixas-etarias\/\">Leia mais<\/a><\/p>\n","protected":false},"author":1,"featured_media":4742,"comment_status":"closed","ping_status":"open","sticky":false,"template":"","format":"standard","meta":{"footnotes":""},"categories":[3],"tags":[],"class_list":{"0":"post-4741","1":"post","2":"type-post","3":"status-publish","4":"format-standard","5":"has-post-thumbnail","7":"category-noticias"},"_links":{"self":[{"href":"https:\/\/sertsc.org.br\/site\/wp-json\/wp\/v2\/posts\/4741","targetHints":{"allow":["GET"]}}],"collection":[{"href":"https:\/\/sertsc.org.br\/site\/wp-json\/wp\/v2\/posts"}],"about":[{"href":"https:\/\/sertsc.org.br\/site\/wp-json\/wp\/v2\/types\/post"}],"author":[{"embeddable":true,"href":"https:\/\/sertsc.org.br\/site\/wp-json\/wp\/v2\/users\/1"}],"replies":[{"embeddable":true,"href":"https:\/\/sertsc.org.br\/site\/wp-json\/wp\/v2\/comments?post=4741"}],"version-history":[{"count":0,"href":"https:\/\/sertsc.org.br\/site\/wp-json\/wp\/v2\/posts\/4741\/revisions"}],"wp:featuredmedia":[{"embeddable":true,"href":"https:\/\/sertsc.org.br\/site\/wp-json\/"}],"wp:attachment":[{"href":"https:\/\/sertsc.org.br\/site\/wp-json\/wp\/v2\/media?parent=4741"}],"wp:term":[{"taxonomy":"category","embeddable":true,"href":"https:\/\/sertsc.org.br\/site\/wp-json\/wp\/v2\/categories?post=4741"},{"taxonomy":"post_tag","embeddable":true,"href":"https:\/\/sertsc.org.br\/site\/wp-json\/wp\/v2\/tags?post=4741"}],"curies":[{"name":"wp","href":"https:\/\/api.w.org\/{rel}","templated":true}]}}