{"id":4734,"date":"2017-05-31T11:21:32","date_gmt":"2017-05-31T14:21:32","guid":{"rendered":"http:\/\/www.sertsc.org.br\/site\/?p=4734"},"modified":"2017-05-31T11:21:32","modified_gmt":"2017-05-31T14:21:32","slug":"desligamento-da-tv-em-goiania-e-prorrogado-para-o-dia-21-de-junho","status":"publish","type":"post","link":"https:\/\/sertsc.org.br\/site\/desligamento-da-tv-em-goiania-e-prorrogado-para-o-dia-21-de-junho\/","title":{"rendered":"Desligamento da TV em Goi\u00e2nia \u00e9 prorrogado para o dia 21 de junho"},"content":{"rendered":"<p style=\"text-align: justify;\">O desligamento da TV anal\u00f3gica de Goi\u00e2nia e 28 munic\u00edpios ao seu redor ter\u00e1 in\u00edcio amanh\u00e3, dia 31 de maio, pelas pequenas emissoras de TV, mas s\u00f3\u00a0conclu\u00eddo pelas\u00a0 grandes emissoras comerciais no dia 21 de junho. S\u00e3o 32 emissoras de TV na\u00a0cidade. \u00a0A decis\u00e3o pelo adiamento do switch off foi tomada hoje pelo Gired (grupo que conduz a migra\u00e7\u00e3o da TV digital) porque\u00a0apenas 88% dos domic\u00edlios atingiram\u00a0a digitaliza\u00e7\u00e3o dos sinais, enquanto a meta \u00e9 de 93%.<\/p>\n<p style=\"text-align: justify;\">Segundo Ant\u00f4nio Carlos Marteletto, presidente da EAD (empresa que financia a TV digital), embora Goi\u00e2nia estivesse com um \u00edndice de digitaliza\u00e7\u00e3o maior do que o encontrado nas cidades de Bras\u00edlia ou S\u00e3o Paulo, a popula\u00e7\u00e3o de baixa renda encontrada foi maior do que a esperada, o que contribuiu para que a meta da digitaliza\u00e7\u00e3o global n\u00e3o fosse alcan\u00e7ada.<\/p>\n<p style=\"text-align: justify;\">Segundo ele, as classes C2D e E representam 50% da popula\u00e7\u00e3o de Goi\u00e2nia e cidades do entorno, enquanto em Bras\u00edlia eram de 42% e S\u00e3o Paulo, 37%.\u00a0 Inicialmente, seriam distribu\u00eddos 278 mil kits para as fam\u00edlias goianas, mas j\u00e1 foram distribu\u00eddos mais de 330 mil Kits, ou 117% do p\u00fablico benefici\u00e1rio. \u201cEstamos entregando o conversor tamb\u00e9m para fam\u00edlias n\u00e3o contempladas nos programas do governo federal\u201d, explicou o executivo.<\/p>\n<p style=\"text-align: justify;\">Fonte: Tele. S\u00edntese.<\/p>\n","protected":false},"excerpt":{"rendered":"<p>O desligamento da TV anal\u00f3gica de Goi\u00e2nia e 28 munic\u00edpios&hellip;<\/p>\n<p> <a class=\"more-link\" href=\"https:\/\/sertsc.org.br\/site\/desligamento-da-tv-em-goiania-e-prorrogado-para-o-dia-21-de-junho\/\">Leia mais<\/a><\/p>\n","protected":false},"author":1,"featured_media":4735,"comment_status":"closed","ping_status":"open","sticky":false,"template":"","format":"standard","meta":{"footnotes":""},"categories":[3],"tags":[],"class_list":{"0":"post-4734","1":"post","2":"type-post","3":"status-publish","4":"format-standard","5":"has-post-thumbnail","7":"category-noticias"},"_links":{"self":[{"href":"https:\/\/sertsc.org.br\/site\/wp-json\/wp\/v2\/posts\/4734","targetHints":{"allow":["GET"]}}],"collection":[{"href":"https:\/\/sertsc.org.br\/site\/wp-json\/wp\/v2\/posts"}],"about":[{"href":"https:\/\/sertsc.org.br\/site\/wp-json\/wp\/v2\/types\/post"}],"author":[{"embeddable":true,"href":"https:\/\/sertsc.org.br\/site\/wp-json\/wp\/v2\/users\/1"}],"replies":[{"embeddable":true,"href":"https:\/\/sertsc.org.br\/site\/wp-json\/wp\/v2\/comments?post=4734"}],"version-history":[{"count":0,"href":"https:\/\/sertsc.org.br\/site\/wp-json\/wp\/v2\/posts\/4734\/revisions"}],"wp:featuredmedia":[{"embeddable":true,"href":"https:\/\/sertsc.org.br\/site\/wp-json\/"}],"wp:attachment":[{"href":"https:\/\/sertsc.org.br\/site\/wp-json\/wp\/v2\/media?parent=4734"}],"wp:term":[{"taxonomy":"category","embeddable":true,"href":"https:\/\/sertsc.org.br\/site\/wp-json\/wp\/v2\/categories?post=4734"},{"taxonomy":"post_tag","embeddable":true,"href":"https:\/\/sertsc.org.br\/site\/wp-json\/wp\/v2\/tags?post=4734"}],"curies":[{"name":"wp","href":"https:\/\/api.w.org\/{rel}","templated":true}]}}