{"id":4730,"date":"2017-05-31T09:17:28","date_gmt":"2017-05-31T12:17:28","guid":{"rendered":"http:\/\/www.sertsc.org.br\/site\/?p=4730"},"modified":"2017-05-31T09:17:28","modified_gmt":"2017-05-31T12:17:28","slug":"mais-de-40-emissoras-de-radio-am-paranaenses-migrarao-para-o-fm","status":"publish","type":"post","link":"https:\/\/sertsc.org.br\/site\/mais-de-40-emissoras-de-radio-am-paranaenses-migrarao-para-o-fm\/","title":{"rendered":"Mais de 40 emissoras de r\u00e1dio AM paranaenses migrar\u00e3o para o FM"},"content":{"rendered":"<p style=\"text-align: justify;\"><strong>Cerim\u00f4nia de assinatura do termo aditivo que autoriza a mudan\u00e7a de frequ\u00eancia contar\u00e1 com a presen\u00e7a do ministro das Comunica\u00e7\u00f5es e do governador do Paran\u00e1<\/strong><\/p>\n<p style=\"text-align: justify;\">Uma cerim\u00f4nia na pr\u00f3xima segunda-feira (dia 5\/6) marcar\u00e1 o processo de migra\u00e7\u00e3o de mais de 40 emissoras de r\u00e1dio paranaenses para a faixa FM. A solenidade de assinatura de contratos de migra\u00e7\u00e3o \u00e9 um marco importante na fase de moderniza\u00e7\u00e3o, qualidade e crescimento do setor de radiodifus\u00e3o.<\/p>\n<p style=\"text-align: justify;\">Participam da solenidade, o Ministro de Ci\u00eancia, Tecnologia, Inova\u00e7\u00f5es e Comunica\u00e7\u00f5es, Gilberto Kassab, o Governador do Paran\u00e1, Beto Richa, o presidente da AERP, Alexandre Barros, o presidente do SERT\/PR, Caique Agustini, o membro do Conselho de Administra\u00e7\u00e3o da ABERT, Daniel Pimentel Slaviero, al\u00e9m dos radiodifusores e empres\u00e1rios do meio. Durante o evento, os propriet\u00e1rios das emissoras ir\u00e3o assinar o termo aditivo que adapta as outorgas de concess\u00e3o e autoriza a mudan\u00e7a de frequ\u00eancia.<\/p>\n<p style=\"text-align: justify;\">A migra\u00e7\u00e3o para a frequ\u00eancia FM \u00e9 uma reivindica\u00e7\u00e3o dos radiodifusores de todo o pa\u00eds. \u201cA mudan\u00e7a de faixa garante mais qualidade do sinal e a possibilidade de sintonia nos dispositivos como celulares e tablets, os quais podem gerar melhores resultados em audi\u00eancia e faturamento. Al\u00e9m disso, refor\u00e7a o nosso trabalho de valoriza\u00e7\u00e3o do meio r\u00e1dio, democr\u00e1tico, gratuito e acess\u00edvel a todos\u201d, afirmou o presidente da AERP, Alexandre Barros.<\/p>\n<p style=\"text-align: justify;\">Quase 1500 r\u00e1dios AM, das 1781 existentes em todo pa\u00eds, solicitaram a migra\u00e7\u00e3o para o FM. Nesta primeira etapa, cerca de mil emissoras poder\u00e3o operar na faixa atual de FM, de 88 a 108 MHz. As demais emissoras ter\u00e3o que esperar concluir o processo de digitaliza\u00e7\u00e3o da TV para libera\u00e7\u00e3o da faixa estendida, de 76 at\u00e9 108 MHz.<\/p>\n<p style=\"text-align: justify;\"><strong>Servi\u00e7o<\/strong><\/p>\n<p style=\"text-align: justify;\"><strong>Evento:<\/strong>\u00a0Migra\u00e7\u00e3o de r\u00e1dios AM para FM no Paran\u00e1<\/p>\n<p style=\"text-align: justify;\"><strong>Data:<\/strong>\u00a05 de junho\u00a0de 2017<\/p>\n<p style=\"text-align: justify;\"><strong>Hor\u00e1rio:<\/strong>\u00a011h<\/p>\n<p style=\"text-align: justify;\"><strong>Local:<\/strong>\u00a0Pal\u00e1cio Igua\u00e7u \u2013 Sal\u00e3o de Atos<br \/>\n<strong>Endere\u00e7o:<\/strong>\u00a0Pra\u00e7a Nossa Senhora de Salette, s\/n \u2013 Centro C\u00edvico.<br \/>\n<strong>Informa\u00e7\u00f5es \u00e0 Imprensa<\/strong><br \/>\nAssessoria Aerp \u2013 (41) 3252-1700\u00a0\/\u00a0<a href=\"mailto:assessoria.comunicacao@aerp.org.br\">assessoria.comunicacao@aerp.org.br<\/a><\/p>\n<p style=\"text-align: justify;\">\n<p style=\"text-align: justify;\">Fonte: AERP<\/p>\n","protected":false},"excerpt":{"rendered":"<p>Cerim\u00f4nia de assinatura do termo aditivo que autoriza a mudan\u00e7a&hellip;<\/p>\n<p> <a class=\"more-link\" href=\"https:\/\/sertsc.org.br\/site\/mais-de-40-emissoras-de-radio-am-paranaenses-migrarao-para-o-fm\/\">Leia mais<\/a><\/p>\n","protected":false},"author":1,"featured_media":4334,"comment_status":"closed","ping_status":"open","sticky":false,"template":"","format":"standard","meta":{"footnotes":""},"categories":[3],"tags":[],"class_list":{"0":"post-4730","1":"post","2":"type-post","3":"status-publish","4":"format-standard","5":"has-post-thumbnail","7":"category-noticias"},"_links":{"self":[{"href":"https:\/\/sertsc.org.br\/site\/wp-json\/wp\/v2\/posts\/4730","targetHints":{"allow":["GET"]}}],"collection":[{"href":"https:\/\/sertsc.org.br\/site\/wp-json\/wp\/v2\/posts"}],"about":[{"href":"https:\/\/sertsc.org.br\/site\/wp-json\/wp\/v2\/types\/post"}],"author":[{"embeddable":true,"href":"https:\/\/sertsc.org.br\/site\/wp-json\/wp\/v2\/users\/1"}],"replies":[{"embeddable":true,"href":"https:\/\/sertsc.org.br\/site\/wp-json\/wp\/v2\/comments?post=4730"}],"version-history":[{"count":0,"href":"https:\/\/sertsc.org.br\/site\/wp-json\/wp\/v2\/posts\/4730\/revisions"}],"wp:featuredmedia":[{"embeddable":true,"href":"https:\/\/sertsc.org.br\/site\/wp-json\/"}],"wp:attachment":[{"href":"https:\/\/sertsc.org.br\/site\/wp-json\/wp\/v2\/media?parent=4730"}],"wp:term":[{"taxonomy":"category","embeddable":true,"href":"https:\/\/sertsc.org.br\/site\/wp-json\/wp\/v2\/categories?post=4730"},{"taxonomy":"post_tag","embeddable":true,"href":"https:\/\/sertsc.org.br\/site\/wp-json\/wp\/v2\/tags?post=4730"}],"curies":[{"name":"wp","href":"https:\/\/api.w.org\/{rel}","templated":true}]}}