{"id":4728,"date":"2017-05-30T12:12:18","date_gmt":"2017-05-30T15:12:18","guid":{"rendered":"http:\/\/www.sertsc.org.br\/site\/?p=4728"},"modified":"2017-05-30T12:12:18","modified_gmt":"2017-05-30T15:12:18","slug":"migracao-am-para-fm-quais-as-vantagens-da-mudanca-de-faixa","status":"publish","type":"post","link":"https:\/\/sertsc.org.br\/site\/migracao-am-para-fm-quais-as-vantagens-da-mudanca-de-faixa\/","title":{"rendered":"Migra\u00e7\u00e3o AM para FM: quais as vantagens da mudan\u00e7a de faixa"},"content":{"rendered":"<p style=\"text-align: justify;\">Desde o final do ano passado, depois que o governo federal autorizou a migra\u00e7\u00e3o de cerca de 240 r\u00e1dios AM para FM, empres\u00e1rios e t\u00e9cnicos do setor t\u00eam corrido atr\u00e1s dos procedimentos necess\u00e1rios para que suas r\u00e1dios possam se modernizar.<\/p>\n<p style=\"text-align: justify;\">A autoriza\u00e7\u00e3o, assinada pelo presidente Michel Temer, em outubro passado \u00e9 uma reivindica\u00e7\u00e3o antiga dos donos de r\u00e1dio no Brasil e traz uma s\u00e9rie de vantagens, sobretudo para o ouvinte que mant\u00e9m o h\u00e1bito de ouvir r\u00e1dio pelo aparelho em sua casa.<\/p>\n<p style=\"text-align: justify;\">Uma das diferen\u00e7as entre AM (Amplitude Modulada) e FM (Frequ\u00eancia Modulada) \u00e9 a qualidade do sinal. No caso do AM, embora a onda de r\u00e1dio percorra uma dist\u00e2ncia maior, ela \u00e9 mais sujeita a interfer\u00eancias, enquanto, no caso da FM, embora a dist\u00e2ncia percorrida seja menor, a qualidade do sinal \u00e9 maior, devido a menor chance de sofrer interfer\u00eancia.<\/p>\n<p style=\"text-align: justify;\">Esse \u00e9 um dos fatores para a mudan\u00e7a do perfil dos espectadores de r\u00e1dio no Brasil. Enquanto a audi\u00eancia vem caindo e o n\u00famero de pedidos de outorga no AM est\u00e1 estagnado desde 2010, o FM tem atra\u00eddo novos anunciantes e abrindo novas perspectivas.<\/p>\n<p style=\"text-align: justify;\">No texto de hoje, vamos mostrar 5 vantagens para a migra\u00e7\u00e3o AM para FM no Brasil. Confira!<\/p>\n<p style=\"text-align: justify;\"><strong>Melhor qualidade de \u00e1udio<\/strong><\/p>\n<p style=\"text-align: justify;\">Como dissemos, a interfer\u00eancia das ondas eletromagn\u00e9ticas na faixa AM \u00e9 bem maior que na faixa FM. Isso explica os ru\u00eddos caracter\u00edsticos de transmiss\u00f5es feitas em Amplitude Moderada. Com a migra\u00e7\u00e3o AM para FM, o \u00e1udio ficar\u00e1 mais \u201climpo\u201d e \u201cclaro\u201d, o que melhora a qualidade do som para o ouvinte.<\/p>\n<p style=\"text-align: justify;\"><strong>Aumento da audi\u00eancia<\/strong><\/p>\n<p style=\"text-align: justify;\">Embora a emissora AM tenha uma amplitude maior de audi\u00eancia, com ouvintes em um maior n\u00famero de cidades, sua audi\u00eancia tende a aumentar.\u00a0\u00a0Isso por dois motivos principais: o primeiro \u00e9 a melhoria na qualidade do \u00e1udio. O segundo se d\u00e1 pela possibilidade de transmiss\u00e3o tamb\u00e9m via web, o que possibilita que a r\u00e1dio seja sintonizada em qualquer lugar do mundo.<\/p>\n<p style=\"text-align: justify;\"><strong>Converg\u00eancia digital<\/strong><\/p>\n<p style=\"text-align: justify;\">Com a evolu\u00e7\u00e3o tecnol\u00f3gica, o r\u00e1dio deixou de ser um mero aparelho que fazia companhia \u00e0s donas de casa e se popularizou \u2014 n\u00e3o s\u00f3 ao atingir mais pessoas, mas tamb\u00e9m por ter sido inclu\u00eddo em outros meios.<\/p>\n<p style=\"text-align: justify;\">A migra\u00e7\u00e3o AM para FM proporciona, com isso, maior integra\u00e7\u00e3o das emissoras de r\u00e1dio em plataformas digitais, como os celulares e os tablets, algo que n\u00e3o acontece com o AM.<\/p>\n<p style=\"text-align: justify;\"><strong>Aumento nas contrata\u00e7\u00f5es<\/strong><\/p>\n<p style=\"text-align: justify;\">O governo federal estima que a migra\u00e7\u00e3o AM para FM deve estimular as contrata\u00e7\u00f5es de novos funcion\u00e1rios para o setor da radiodifus\u00e3o em todo o pa\u00eds. Al\u00e9m da abertura de novas fronteiras, sobretudo com a converg\u00eancia para as plataformas digitais, empres\u00e1rios j\u00e1 planejam manter uma programa\u00e7\u00e3o durante 24 horas, o que n\u00e3o acontecia no AM.<\/p>\n<p style=\"text-align: justify;\"><strong>Maior quantidade de canais no FM<\/strong><\/p>\n<p style=\"text-align: justify;\">Para acomodar o n\u00famero de emissoras nessa transi\u00e7\u00e3o do AM para o FM, ser\u00e3o criadas novas faixas. Algumas cidades grandes, por exemplo, n\u00e3o comportam novas emissoras de r\u00e1dio no espectro e, portanto, a Frequ\u00eancia Modulada, que come\u00e7a no 88,1FM dever\u00e1 ser levado para o 76FM em alguns casos. Isso significa maior diversidade de esta\u00e7\u00f5es no seu dial e com melhor qualidade de \u00e1udio.<\/p>\n<p style=\"text-align: justify;\">Agora que voc\u00ea sabe um pouco mais sobre o processo de migra\u00e7\u00e3o AM para FM no r\u00e1dio, que deve atravessar os pr\u00f3ximos anos, conhe\u00e7a quais as mudan\u00e7as est\u00e3o ocorrendo nas emissoras para modernizar seu formato e conte\u00fado e atingir cada vez mais ouvintes.<\/p>\n<p style=\"text-align: justify;\">Fonte: Teletronix.<\/p>\n","protected":false},"excerpt":{"rendered":"<p>Desde o final do ano passado, depois que o governo&hellip;<\/p>\n<p> <a class=\"more-link\" href=\"https:\/\/sertsc.org.br\/site\/migracao-am-para-fm-quais-as-vantagens-da-mudanca-de-faixa\/\">Leia mais<\/a><\/p>\n","protected":false},"author":1,"featured_media":4731,"comment_status":"closed","ping_status":"open","sticky":false,"template":"","format":"standard","meta":{"footnotes":""},"categories":[3],"tags":[],"class_list":{"0":"post-4728","1":"post","2":"type-post","3":"status-publish","4":"format-standard","5":"has-post-thumbnail","7":"category-noticias"},"_links":{"self":[{"href":"https:\/\/sertsc.org.br\/site\/wp-json\/wp\/v2\/posts\/4728","targetHints":{"allow":["GET"]}}],"collection":[{"href":"https:\/\/sertsc.org.br\/site\/wp-json\/wp\/v2\/posts"}],"about":[{"href":"https:\/\/sertsc.org.br\/site\/wp-json\/wp\/v2\/types\/post"}],"author":[{"embeddable":true,"href":"https:\/\/sertsc.org.br\/site\/wp-json\/wp\/v2\/users\/1"}],"replies":[{"embeddable":true,"href":"https:\/\/sertsc.org.br\/site\/wp-json\/wp\/v2\/comments?post=4728"}],"version-history":[{"count":0,"href":"https:\/\/sertsc.org.br\/site\/wp-json\/wp\/v2\/posts\/4728\/revisions"}],"wp:featuredmedia":[{"embeddable":true,"href":"https:\/\/sertsc.org.br\/site\/wp-json\/"}],"wp:attachment":[{"href":"https:\/\/sertsc.org.br\/site\/wp-json\/wp\/v2\/media?parent=4728"}],"wp:term":[{"taxonomy":"category","embeddable":true,"href":"https:\/\/sertsc.org.br\/site\/wp-json\/wp\/v2\/categories?post=4728"},{"taxonomy":"post_tag","embeddable":true,"href":"https:\/\/sertsc.org.br\/site\/wp-json\/wp\/v2\/tags?post=4728"}],"curies":[{"name":"wp","href":"https:\/\/api.w.org\/{rel}","templated":true}]}}