{"id":4720,"date":"2017-05-30T08:37:11","date_gmt":"2017-05-30T11:37:11","guid":{"rendered":"http:\/\/www.sertsc.org.br\/site\/?p=4720"},"modified":"2017-05-30T08:37:11","modified_gmt":"2017-05-30T11:37:11","slug":"divulgado-o-procedimento-para-devolucao-de-canais-analogicos-a-uniao","status":"publish","type":"post","link":"https:\/\/sertsc.org.br\/site\/divulgado-o-procedimento-para-devolucao-de-canais-analogicos-a-uniao\/","title":{"rendered":"Divulgado o procedimento para devolu\u00e7\u00e3o de canais anal\u00f3gicos \u00e0 Uni\u00e3o"},"content":{"rendered":"<p style=\"text-align: justify;\">As condi\u00e7\u00f5es de devolu\u00e7\u00e3o dos canais anal\u00f3gicos da TV aberta \u00e0 Uni\u00e3o ap\u00f3s a digitaliza\u00e7\u00e3o fazem parte de portaria publicada nesta segunda-feira, 29, pela Secretaria de Radiodifus\u00e3o do Minist\u00e9rio da Ci\u00eancia, Tecnologia, Inova\u00e7\u00f5es e Comunica\u00e7\u00f5es. De acordo com a norma, o desligamento compuls\u00f3rio do sinal anal\u00f3gico e a devolu\u00e7\u00e3o do respectivo canal ser\u00e3o formalizados mediante ato administrativo, obedecendo a cronograma espec\u00edfico, homologando o encerramento da transmiss\u00e3o da programa\u00e7\u00e3o das emissoras e de retransmiss\u00e3o de televis\u00e3o.<\/p>\n<p style=\"text-align: justify;\">A portaria destaca que dever\u00e1 constar no ato a data do desligamento bem como a rela\u00e7\u00e3o de todos os munic\u00edpios por ele afetados. No caso de desligamento volunt\u00e1rio antes do prazo previsto, a a\u00e7\u00e3o ser\u00e1 formalizada mediante ato administrativo do diretor do Departamento de Radiodifus\u00e3o Comercial da Secretaria.<\/p>\n<p style=\"text-align: justify;\">A norma determina ainda que, ap\u00f3s a publica\u00e7\u00e3o do ato administrativo no Di\u00e1rio Oficial da Uni\u00e3o, caber\u00e1 \u00e0 Secretaria de Radiodifus\u00e3o e \u00e0 Anatel promoverem as devidas atualiza\u00e7\u00f5es cadastrais das emissoras.<\/p>\n<p style=\"text-align: justify;\"><strong>R\u00e1dio<\/strong><\/p>\n<p style=\"text-align: justify;\">Outra portaria da Secretaria de Radiodifus\u00e3o estabelece o procedimento de devolu\u00e7\u00e3o de canais de r\u00e1dio AM que migraram para FM \u00e0 Uni\u00e3o, que ser\u00e1 formalizada mediante ato de homologa\u00e7\u00e3o do Departamento de Radiodifus\u00e3o Comercial. A norma determina as devidas atualiza\u00e7\u00f5es cadastrais das emissoras que aderiram \u00e0 adapta\u00e7\u00e3o da outorga para o servi\u00e7o de radiodifus\u00e3o sonora em frequ\u00eancia modulada pela Secretaria de Radiodifus\u00e3o do MCTIC e pela Anatel.<\/p>\n<p style=\"text-align: justify;\">Fonte: Teletime<\/p>\n","protected":false},"excerpt":{"rendered":"<p>As condi\u00e7\u00f5es de devolu\u00e7\u00e3o dos canais anal\u00f3gicos da TV aberta&hellip;<\/p>\n<p> <a class=\"more-link\" href=\"https:\/\/sertsc.org.br\/site\/divulgado-o-procedimento-para-devolucao-de-canais-analogicos-a-uniao\/\">Leia mais<\/a><\/p>\n","protected":false},"author":1,"featured_media":4721,"comment_status":"closed","ping_status":"open","sticky":false,"template":"","format":"standard","meta":{"footnotes":""},"categories":[3],"tags":[],"class_list":{"0":"post-4720","1":"post","2":"type-post","3":"status-publish","4":"format-standard","5":"has-post-thumbnail","7":"category-noticias"},"_links":{"self":[{"href":"https:\/\/sertsc.org.br\/site\/wp-json\/wp\/v2\/posts\/4720","targetHints":{"allow":["GET"]}}],"collection":[{"href":"https:\/\/sertsc.org.br\/site\/wp-json\/wp\/v2\/posts"}],"about":[{"href":"https:\/\/sertsc.org.br\/site\/wp-json\/wp\/v2\/types\/post"}],"author":[{"embeddable":true,"href":"https:\/\/sertsc.org.br\/site\/wp-json\/wp\/v2\/users\/1"}],"replies":[{"embeddable":true,"href":"https:\/\/sertsc.org.br\/site\/wp-json\/wp\/v2\/comments?post=4720"}],"version-history":[{"count":0,"href":"https:\/\/sertsc.org.br\/site\/wp-json\/wp\/v2\/posts\/4720\/revisions"}],"wp:featuredmedia":[{"embeddable":true,"href":"https:\/\/sertsc.org.br\/site\/wp-json\/"}],"wp:attachment":[{"href":"https:\/\/sertsc.org.br\/site\/wp-json\/wp\/v2\/media?parent=4720"}],"wp:term":[{"taxonomy":"category","embeddable":true,"href":"https:\/\/sertsc.org.br\/site\/wp-json\/wp\/v2\/categories?post=4720"},{"taxonomy":"post_tag","embeddable":true,"href":"https:\/\/sertsc.org.br\/site\/wp-json\/wp\/v2\/tags?post=4720"}],"curies":[{"name":"wp","href":"https:\/\/api.w.org\/{rel}","templated":true}]}}