{"id":4716,"date":"2017-05-29T15:23:35","date_gmt":"2017-05-29T18:23:35","guid":{"rendered":"http:\/\/www.sertsc.org.br\/site\/?p=4716"},"modified":"2017-05-29T15:23:35","modified_gmt":"2017-05-29T18:23:35","slug":"portaria-adia-desligamento-da-tv-digital-em-cidades-de-tres-estados","status":"publish","type":"post","link":"https:\/\/sertsc.org.br\/site\/portaria-adia-desligamento-da-tv-digital-em-cidades-de-tres-estados\/","title":{"rendered":"Portaria adia desligamento da TV digital em cidades de tr\u00eas estados"},"content":{"rendered":"<p style=\"text-align: justify;\">\n<em>Foram alteradas as datas de desligamento em cidades do Cear\u00e1, da Bahia, de Minas Gerais e S\u00e3o Paulo. Data limite para finaliza\u00e7\u00e3o do switch-off permanece inalterada, em 5 de dezembro de 2018.<\/em><\/p>\n<p style=\"text-align: justify;\">O Minist\u00e9rio da Ci\u00eancia, Tecnologia, Inova\u00e7\u00f5es e Comunica\u00e7\u00f5es (MCTIC) publicou hoje, 29, no Di\u00e1rio Oficial da Uni\u00e3o, o novo cronograma de desligamento do sinal de TV anal\u00f3gica em diferentes ciadades brasileiras, estabelecido pelo Gired, o grupo de implementa\u00e7\u00e3o da digitaliza\u00e7\u00e3o. As novas datas est\u00e3o definidas na portaria 2.992 de 26 de maio.<\/p>\n<p style=\"text-align: justify;\">Pela nova lista, est\u00e1 mantido a migra\u00e7\u00e3o para a TV digital em Goi\u00e2nia (GO), onde o delisgamento anal\u00f3gico acontece daqui a dois dias (31 de maio). As mudan\u00e7as surgem depois. Em 26 de julho, apenas Recife ter\u00e1 switch-off. As cidades de Juazerio do Norte, Fortaleza e Sobral (CE), e Salvador (BA), desligam em 27 de setembro. Em Belo Horizonte, ser\u00e1 dia 08 de novembro.<\/p>\n<p style=\"text-align: justify;\">A data para Rio de Janeiro (RJ) e Vi\u00f3ria (ES), est\u00e1 mantida em 25 de outubro. As cidades paulistas de Campinas, Franca, Ribeir\u00e3o Preto, Santos, Vale do Para\u00edba t\u00eam mudan\u00e7a. Em vez de acontecer em setembro, o desligamento foi adiado para 29 de novembro.<\/p>\n<p style=\"text-align: justify;\">O restante do cronograma foi mantido, prevendo como \u00faltima data para desligamento do sinal anal\u00f3gico em algumas cidades do Sul, Nordeste, Sudeste e Centro-Oeste em 5 de dezembro de 2018.<\/p>\n<p style=\"text-align: justify;\">O motivo do adiamento \u00e9 a dificuldade na distribui\u00e7\u00e3o de conversores de sinal de TV digital para televisores anal\u00f3gicos. A Seja Digital, empresa formada pelas operadoras de telecomunica\u00e7\u00f5es e respons\u00e1vel pela distribui\u00e7\u00e3o de kits, pediu as mudan\u00e7as nos prazos alegando falta no mercado de conversores suficientes para atender a popula\u00e7\u00e3o apta a receber os aparelhos. Pela pol\u00edtica de desligamento, pessoas que integram o cadastro \u00fanico do Governo Federal podem obter o conversor e a antena para sintonizar a TV digital gratuitamente.<\/p>\n<p style=\"text-align: justify;\">\n<p style=\"text-align: justify;\">Fonte:\u00a0Tele S\u00edntese<\/p>\n","protected":false},"excerpt":{"rendered":"<p>Foram alteradas as datas de desligamento em cidades do Cear\u00e1,&hellip;<\/p>\n<p> <a class=\"more-link\" href=\"https:\/\/sertsc.org.br\/site\/portaria-adia-desligamento-da-tv-digital-em-cidades-de-tres-estados\/\">Leia mais<\/a><\/p>\n","protected":false},"author":1,"featured_media":4717,"comment_status":"closed","ping_status":"open","sticky":false,"template":"","format":"standard","meta":{"footnotes":""},"categories":[33],"tags":[],"class_list":{"0":"post-4716","1":"post","2":"type-post","3":"status-publish","4":"format-standard","5":"has-post-thumbnail","7":"category-destaques"},"_links":{"self":[{"href":"https:\/\/sertsc.org.br\/site\/wp-json\/wp\/v2\/posts\/4716","targetHints":{"allow":["GET"]}}],"collection":[{"href":"https:\/\/sertsc.org.br\/site\/wp-json\/wp\/v2\/posts"}],"about":[{"href":"https:\/\/sertsc.org.br\/site\/wp-json\/wp\/v2\/types\/post"}],"author":[{"embeddable":true,"href":"https:\/\/sertsc.org.br\/site\/wp-json\/wp\/v2\/users\/1"}],"replies":[{"embeddable":true,"href":"https:\/\/sertsc.org.br\/site\/wp-json\/wp\/v2\/comments?post=4716"}],"version-history":[{"count":0,"href":"https:\/\/sertsc.org.br\/site\/wp-json\/wp\/v2\/posts\/4716\/revisions"}],"wp:featuredmedia":[{"embeddable":true,"href":"https:\/\/sertsc.org.br\/site\/wp-json\/"}],"wp:attachment":[{"href":"https:\/\/sertsc.org.br\/site\/wp-json\/wp\/v2\/media?parent=4716"}],"wp:term":[{"taxonomy":"category","embeddable":true,"href":"https:\/\/sertsc.org.br\/site\/wp-json\/wp\/v2\/categories?post=4716"},{"taxonomy":"post_tag","embeddable":true,"href":"https:\/\/sertsc.org.br\/site\/wp-json\/wp\/v2\/tags?post=4716"}],"curies":[{"name":"wp","href":"https:\/\/api.w.org\/{rel}","templated":true}]}}