{"id":4688,"date":"2017-05-25T09:13:09","date_gmt":"2017-05-25T12:13:09","guid":{"rendered":"http:\/\/www.sertsc.org.br\/site\/?p=4688"},"modified":"2017-05-25T09:13:09","modified_gmt":"2017-05-25T12:13:09","slug":"painel-comente-credibilidade-e-certificacao-da-audiencia-sao-temas-do-brand-safety-em-foco-em-florianopolis","status":"publish","type":"post","link":"https:\/\/sertsc.org.br\/site\/painel-comente-credibilidade-e-certificacao-da-audiencia-sao-temas-do-brand-safety-em-foco-em-florianopolis\/","title":{"rendered":"Credibilidade e certifica\u00e7\u00e3o da audi\u00eancia s\u00e3o temas do Brand Safety em Foco, em Florian\u00f3polis"},"content":{"rendered":"<p style=\"text-align: justify;\">Os desafios das marcas e anunciantes no ambiente digital, amea\u00e7ado pelo avan\u00e7o das <i>fake news,<\/i> e as oportunidades para os ve\u00edculos assegurarem a certifica\u00e7\u00e3o das informa\u00e7\u00f5es e a consist\u00eancia das audi\u00eancias foram tema do painel Brand Safety em Foco, realizado na tarde de quarta-feira, em Florian\u00f3polis.<\/p>\n<p style=\"text-align: justify;\">Promovido pelos jornais Di\u00e1rio Catarinense, Jornal de Santa Catarina, A Not\u00edcia e Hora de Santa Catarina na sede da Fiesc, o encontro contou com a presen\u00e7a de 250 pessoas \u2014 entre profissionais do mercado publicit\u00e1rio, jornalistas, estudantes e empres\u00e1rios \u2014 e discutiu os rumos do mercado de comunica\u00e7\u00e3o diante desse cen\u00e1rio. O diretor de Neg\u00f3cios da RBS em SC, Delton Batista, foi o primeiro a falar e saudar os presentes:<\/p>\n<p style=\"text-align: justify;\">\u2014 Estamos vivendo em um mundo de muita turbul\u00eancia e excesso de informa\u00e7\u00f5es e todos n\u00f3s j\u00e1 fomos assediados por um amigo ou colega com uma \u00faltima novidade. Lendo apenas o t\u00edtulo, acabamos repassando inverdades. \u00c9 o momento de falarmos em um freio de arruma\u00e7\u00e3o: o mundo dos fatos \u00e9 mais importante que das vers\u00f5es alternativas \u2014 afirmou.<\/p>\n<p style=\"text-align: justify;\">O executivo ressaltou ainda que os jornais da RBS SC est\u00e3o em fase final de valida\u00e7\u00e3o de uma certifica\u00e7\u00e3o do Instituto Verificador de Comunica\u00e7\u00e3o (IVC), o selo Quality Certifier, que torna\u00a0premium publishers\u00a0os seus ve\u00edculos impressos e online, com audi\u00eancia verificada pela institui\u00e7\u00e3o.<\/p>\n<p style=\"text-align: justify;\"><b>O jornalismo como neg\u00f3cio da confian\u00e7a<\/b><\/p>\n<p style=\"text-align: justify;\">Marcelo Rech, que preside a Associa\u00e7\u00e3o Nacional de Jornais (ANJ) e tamb\u00e9m o F\u00f3rum Mundial de Editores (WEF), foi o primeiro palestrante da tarde. Ele apresentou um resgate hist\u00f3rico do modelo de comunica\u00e7\u00e3o de massa, que deixou de ser uma prerrogativa de jornalistas profissionais e empresas do setor para o mundo das redes sociais, em que todos s\u00e3o emiss\u00e1rios e receptores de informa\u00e7\u00e3o. Para Rech, a grande transforma\u00e7\u00e3o recente do poder de dissemina\u00e7\u00e3o das redes sociais se deu na Primavera \u00c1rabe:<\/p>\n<p style=\"text-align: justify;\">\u2014 H\u00e1 seis ou sete anos, se destampou uma s\u00e9rie de vozes que nunca tinham tido acesso a se expressar livremente. Isso levou a uma derrocada de regimes ditatoriais e um ambiente de democracia se instalou. Por\u00e9m, isso acendeu um alerta e governos como o do Ir\u00e3 perceberam a possibilidade de identificar quem estava disseminando essas informa\u00e7\u00f5es e usar a ferramenta a seu favor \u2014 disse.<\/p>\n<p style=\"text-align: justify;\">O presidente da ANJ elencou exemplos em que boatos alavancados pelas m\u00eddias sociais resultaram em problemas concretos. A elei\u00e7\u00e3o norte-americana que deu vit\u00f3ria ao Republicano Donald Trump e o Brexit estiveram entre os casos.<\/p>\n<p style=\"text-align: justify;\">Rech afirma que o grave problema foi levado pelo WEF \u00e0 ONU. Por\u00e9m, v\u00ea com temor o avan\u00e7o de defesas de uma dura regulamenta\u00e7\u00e3o do setor de not\u00edcias como alternativa para o problema:<\/p>\n<p style=\"text-align: justify;\">\u2014 Sou um grande defensor da autorregulamenta\u00e7\u00e3o e n\u00e3o de regulamenta\u00e7\u00e3o. O grande risco que se coloca \u00e9 quem define o que \u00e9 not\u00edcia falsa ou n\u00e3o. Podemos criar um grande irm\u00e3o, <i>big brother<\/i>, que vai definir o que vamos ler ou n\u00e3o.<\/p>\n<p style=\"text-align: justify;\"><b>Solu\u00e7\u00f5es para garantir confian\u00e7a<\/b><\/p>\n<p style=\"text-align: justify;\">Pedro Martins da Silva, presidente do instituto verificador de circula\u00e7\u00e3o (IVC) falou na sequ\u00eancia. Ele apresentou solu\u00e7\u00f5es que a entidade vem desenvolvendo para atestar a confian\u00e7a de sites de not\u00edcia e tamb\u00e9m de campanhas no ambiente on-line. Para Silva, a certifica\u00e7\u00e3o ajuda editores a identificar e reduzir fraudes e garante confian\u00e7a do ve\u00edculo no mercado. Em rela\u00e7\u00e3o a m\u00e9tricas na internet, o presidente falou em tr\u00eas passos para obter a <i>Quality Certifier<\/i>.<\/p>\n<p style=\"text-align: justify;\">\u2014 Os ve\u00edculos t\u00eam as m\u00e9tricas do <i>Google Analytics<\/i>. Entramos para atestar que ela est\u00e1 perfeita, que h\u00e1 qualidade do tr\u00e1fego e que s\u00e3o pessoas, e n\u00e3o rob\u00f4s que geram audi\u00eancia.<\/p>\n<p style=\"text-align: justify;\">Para isso, um algoritmo \u00e9 treinado para identificar esses comportamentos por probabilidade. Batista\u00a0garante que s\u00e3o ferramentas que aumentam a efici\u00eancia de ag\u00eancias e anunciantes.<\/p>\n<p style=\"text-align: justify;\">Em seguida, houve um debate. Al\u00e9m de Rech e Batista\u00a0participaram Pedro Cherem, presidente do Sindicato das Ag\u00eancias de Propaganda de Santa Catarina (Sinapro\/SC), e George Fortunato, gerente executivo de jornais do grupo RBS em SC.<\/p>\n<p style=\"text-align: justify;\">Fonte: Di\u00e1rio Catarinense.<\/p>\n","protected":false},"excerpt":{"rendered":"<p>Os desafios das marcas e anunciantes no ambiente digital, amea\u00e7ado&hellip;<\/p>\n<p> <a class=\"more-link\" href=\"https:\/\/sertsc.org.br\/site\/painel-comente-credibilidade-e-certificacao-da-audiencia-sao-temas-do-brand-safety-em-foco-em-florianopolis\/\">Leia mais<\/a><\/p>\n","protected":false},"author":1,"featured_media":4689,"comment_status":"closed","ping_status":"open","sticky":false,"template":"","format":"standard","meta":{"footnotes":""},"categories":[3],"tags":[],"class_list":{"0":"post-4688","1":"post","2":"type-post","3":"status-publish","4":"format-standard","5":"has-post-thumbnail","7":"category-noticias"},"_links":{"self":[{"href":"https:\/\/sertsc.org.br\/site\/wp-json\/wp\/v2\/posts\/4688","targetHints":{"allow":["GET"]}}],"collection":[{"href":"https:\/\/sertsc.org.br\/site\/wp-json\/wp\/v2\/posts"}],"about":[{"href":"https:\/\/sertsc.org.br\/site\/wp-json\/wp\/v2\/types\/post"}],"author":[{"embeddable":true,"href":"https:\/\/sertsc.org.br\/site\/wp-json\/wp\/v2\/users\/1"}],"replies":[{"embeddable":true,"href":"https:\/\/sertsc.org.br\/site\/wp-json\/wp\/v2\/comments?post=4688"}],"version-history":[{"count":0,"href":"https:\/\/sertsc.org.br\/site\/wp-json\/wp\/v2\/posts\/4688\/revisions"}],"wp:featuredmedia":[{"embeddable":true,"href":"https:\/\/sertsc.org.br\/site\/wp-json\/"}],"wp:attachment":[{"href":"https:\/\/sertsc.org.br\/site\/wp-json\/wp\/v2\/media?parent=4688"}],"wp:term":[{"taxonomy":"category","embeddable":true,"href":"https:\/\/sertsc.org.br\/site\/wp-json\/wp\/v2\/categories?post=4688"},{"taxonomy":"post_tag","embeddable":true,"href":"https:\/\/sertsc.org.br\/site\/wp-json\/wp\/v2\/tags?post=4688"}],"curies":[{"name":"wp","href":"https:\/\/api.w.org\/{rel}","templated":true}]}}