{"id":4684,"date":"2017-05-24T16:42:04","date_gmt":"2017-05-24T19:42:04","guid":{"rendered":"http:\/\/www.sertsc.org.br\/site\/?p=4684"},"modified":"2017-05-24T16:42:04","modified_gmt":"2017-05-24T19:42:04","slug":"flexibilizacao-da-voz-do-brasil-e-deixada-de-lado-na-camara-dos-deputados","status":"publish","type":"post","link":"https:\/\/sertsc.org.br\/site\/flexibilizacao-da-voz-do-brasil-e-deixada-de-lado-na-camara-dos-deputados\/","title":{"rendered":"Flexibiliza\u00e7\u00e3o da Voz do Brasil \u00e9 deixada de lado na C\u00e2mara dos Deputados"},"content":{"rendered":"<div style=\"text-align: justify;\">O Projeto de Lei 595\/2003 &#8211; que disp\u00f5e sobre a obrigatoriedade de emissoras de radiodifus\u00e3o transmitirem o programa oficial dos Poderes da Rep\u00fablica \u2013 est\u00e1 sem movimenta\u00e7\u00e3o na C\u00e2mara dos Deputados desde julho do ano passado. A \u00faltima tramita\u00e7\u00e3o do projeto foi a inclus\u00e3o na pauta de vota\u00e7\u00e3o do dia 6 de julho, quando deixou de ser apreciada pela \u201cfalta de tempo\u201d dos parlamentares.<\/p>\n<\/div>\n<div style=\"text-align: justify;\"><\/div>\n<div>\n<div style=\"text-align: justify;\">Ap\u00f3s a \u00faltima tramita\u00e7\u00e3o de flexibiliza\u00e7\u00e3o do hor\u00e1rio de transmiss\u00e3o da Voz do Brasil foi pela Medida Provis\u00f3ria 742\/16, que permitiu a mudan\u00e7a da transmiss\u00e3o devido a disputa dos Jogo Ol\u00edmpicos no Brasil. O \u00faltimo dia de vig\u00eancia da norma foi 22 de novembro.<\/p>\n<\/div>\n<div style=\"text-align: justify;\">A MP foi aprovada com modifica\u00e7\u00f5es na comiss\u00e3o mista e no Plen\u00e1rio da C\u00e2mara, mas acabou n\u00e3o sendo votada no Plen\u00e1rio do Senado por falta de acordo pol\u00edtico. O texto original, publicado em julho do ano passado, flexibilizava o hor\u00e1rio de veicula\u00e7\u00e3o da Voz do Brasil \u2013 hoje transmitida de segunda a sexta, \u00e0s 19 horas \u2013 apenas para o per\u00edodo de 5 de agosto a 18 de setembro, em raz\u00e3o das Olimp\u00edadas e Paraolimp\u00edadas do Rio de Janeiro.<\/p>\n<\/div>\n<div style=\"text-align: justify;\">A vers\u00e3o aprovada na C\u00e2mara tornava a flexibiliza\u00e7\u00e3o definitiva. As emissoras de r\u00e1dio poderiam transmitir a Voz do Brasil entre as 19 horas e as 21 horas do mesmo dia. A comiss\u00e3o mista que analisou o texto e elaborou projeto de decreto legislativo disciplinando as rela\u00e7\u00f5es jur\u00eddicas j\u00e1 ocorridas durante a vig\u00eancia da MP, que acabou n\u00e3o sendo aprovado.<\/p>\n<\/div>\n<div style=\"text-align: justify;\">Reivindica\u00e7\u00e3o constante dos radiodifusores, o assunto deixou de ser tema tamb\u00e9m nos eventos sobre radiodifus\u00e3o e que contam com a presen\u00e7a do ministro da Ci\u00eancia, Tecnologia, Inova\u00e7\u00f5es e Comunica\u00e7\u00f5es, Gilberto Kassab.<\/p>\n<\/div>\n<\/div>\n<div style=\"text-align: justify;\"><\/div>\n<div style=\"text-align: justify;\">Fonte: Tudo R\u00e1dio.<\/div>\n","protected":false},"excerpt":{"rendered":"<p>O Projeto de Lei 595\/2003 &#8211; que disp\u00f5e sobre a&hellip;<\/p>\n<p> <a class=\"more-link\" href=\"https:\/\/sertsc.org.br\/site\/flexibilizacao-da-voz-do-brasil-e-deixada-de-lado-na-camara-dos-deputados\/\">Leia mais<\/a><\/p>\n","protected":false},"author":1,"featured_media":4685,"comment_status":"closed","ping_status":"open","sticky":false,"template":"","format":"standard","meta":{"footnotes":""},"categories":[3],"tags":[],"class_list":{"0":"post-4684","1":"post","2":"type-post","3":"status-publish","4":"format-standard","5":"has-post-thumbnail","7":"category-noticias"},"_links":{"self":[{"href":"https:\/\/sertsc.org.br\/site\/wp-json\/wp\/v2\/posts\/4684","targetHints":{"allow":["GET"]}}],"collection":[{"href":"https:\/\/sertsc.org.br\/site\/wp-json\/wp\/v2\/posts"}],"about":[{"href":"https:\/\/sertsc.org.br\/site\/wp-json\/wp\/v2\/types\/post"}],"author":[{"embeddable":true,"href":"https:\/\/sertsc.org.br\/site\/wp-json\/wp\/v2\/users\/1"}],"replies":[{"embeddable":true,"href":"https:\/\/sertsc.org.br\/site\/wp-json\/wp\/v2\/comments?post=4684"}],"version-history":[{"count":0,"href":"https:\/\/sertsc.org.br\/site\/wp-json\/wp\/v2\/posts\/4684\/revisions"}],"wp:featuredmedia":[{"embeddable":true,"href":"https:\/\/sertsc.org.br\/site\/wp-json\/"}],"wp:attachment":[{"href":"https:\/\/sertsc.org.br\/site\/wp-json\/wp\/v2\/media?parent=4684"}],"wp:term":[{"taxonomy":"category","embeddable":true,"href":"https:\/\/sertsc.org.br\/site\/wp-json\/wp\/v2\/categories?post=4684"},{"taxonomy":"post_tag","embeddable":true,"href":"https:\/\/sertsc.org.br\/site\/wp-json\/wp\/v2\/tags?post=4684"}],"curies":[{"name":"wp","href":"https:\/\/api.w.org\/{rel}","templated":true}]}}