{"id":4670,"date":"2017-05-24T09:06:48","date_gmt":"2017-05-24T12:06:48","guid":{"rendered":"http:\/\/www.sertsc.org.br\/site\/?p=4670"},"modified":"2017-05-24T09:06:48","modified_gmt":"2017-05-24T12:06:48","slug":"acaert-conquista-4a-vitoria-consecutiva-contra-radios-comunitarias","status":"publish","type":"post","link":"https:\/\/sertsc.org.br\/site\/acaert-conquista-4a-vitoria-consecutiva-contra-radios-comunitarias\/","title":{"rendered":"ACAERT conquista 4\u00aa vit\u00f3ria consecutiva contra R\u00e1dios Comunit\u00e1rias"},"content":{"rendered":"<p class=\"font-16\" style=\"text-align: justify;\"><strong>A decis\u00e3o da justi\u00e7a detalha \u201cpromo\u00e7\u00f5es, condi\u00e7\u00f5es de pagamento e entrega\u201d anunciadas de forma irregular<\/strong><\/p>\n<p style=\"text-align: justify;\">A Quinta C\u00e2mara de Direito Civil do Tribunal de Justi\u00e7a de Santa Catarina decidiu, por vota\u00e7\u00e3o un\u00e2nime, manter a condena\u00e7\u00e3o em primeira inst\u00e2ncia da Associa\u00e7\u00e3o de R\u00e1dio Difus\u00e3o Comunit\u00e1ria Alegria de Anita Garibaldi, por pr\u00e1ticas que desvirtuam o car\u00e1ter da r\u00e1dio comunit\u00e1ria.<\/p>\n<p style=\"text-align: justify;\">Segundo o voto do desembargador Henry Petry Junior, relator do processo no TJSC, \u201ctais pr\u00e1ticas s\u00e3o insofismavelmente comerciais\u201d caracterizando um desrespeito ao preceito legal, \u201cna medida em que a apelante descaracterizou o conceito de &#8220;apoio cultural&#8221;, realizando verdadeira atividade publicit\u00e1ria em meio inadequado para tal fim\u201d.<\/p>\n<p style=\"text-align: justify;\">Para fundamentar o voto, o desembargador transcreveu trechos de \u201cspots\u201d com evidente finalidade comercial, contratados irregularmente sob o formato de apoio cultural. Em um dos exemplos \u00e9 not\u00f3rio o an\u00fancio de produtos, promo\u00e7\u00f5es e condi\u00e7\u00f5es de pagamento: \u201ccheque ou boleto\u201d, o que \u00e9 vetado por lei. Em outro caso, o an\u00fancio oferece \u201centregas gratuitas no centro\u201d e ainda promete \u201ccobrir os pre\u00e7os da concorr\u00eancia\u201d. (veja a decis\u00e3o <a href=\"http:\/\/www.acaert.com.br\/app\/webroot\/files\/ckeditor\/files\/Ac%C3%B3rd%C3%A3o%20M%C3%A9rito%20FAVOR%C3%81VEL%20ACAERT.pdf\">AQUI<\/a>)<\/p>\n<p style=\"text-align: justify;\">Com essa decis\u00e3o, a ACAERT soma a 4\u00aa vit\u00f3ria consecutiva contra irregularidades cometidas por r\u00e1dio comunit\u00e1rias s\u00f3 este ano.\u00a0 O assessor jur\u00eddico da entidade, advogado Fernando Silva, destaca que \u201ca sequ\u00eancia de decis\u00f5es de m\u00e9rito confirmando as teses defendidas pela ACAERT, cria uma jurisprud\u00eancia que ordena a interpreta\u00e7\u00e3o legal sobre o assunto, apesar da dificuldade em fazer com que as R\u00e1dios Comunit\u00e1rias respeitem a legisla\u00e7\u00e3o, sen\u00e3o pela via judicial\u201d.<\/p>\n<p style=\"text-align: justify;\">Outra quest\u00e3o interessante na recente decis\u00e3o do TJSC diz respeito ao direito de liberdade de express\u00e3o, que tentou ser utilizado como argumento de defesa. Ao qual o relator do caso respondeu: \u201cimportante salientar que, em que pese a jurisprud\u00eancia admita a preponder\u00e2ncia da liberdade de express\u00e3o sobre os interesses e garantias individuais, o exerc\u00edcio de tal direito encontra limites dentro do ordenamento jur\u00eddico, n\u00e3o podendo ser utilizado enquanto argumento a legitimar o cometimento de ilicitudes\u201d.<\/p>\n<p class=\"font-11\" style=\"text-align: justify;\">Fonte: ACAERT<\/p>\n","protected":false},"excerpt":{"rendered":"<p>A decis\u00e3o da justi\u00e7a detalha \u201cpromo\u00e7\u00f5es, condi\u00e7\u00f5es de pagamento e&hellip;<\/p>\n<p> <a class=\"more-link\" href=\"https:\/\/sertsc.org.br\/site\/acaert-conquista-4a-vitoria-consecutiva-contra-radios-comunitarias\/\">Leia mais<\/a><\/p>\n","protected":false},"author":1,"featured_media":4671,"comment_status":"closed","ping_status":"open","sticky":false,"template":"","format":"standard","meta":{"footnotes":""},"categories":[3],"tags":[],"class_list":{"0":"post-4670","1":"post","2":"type-post","3":"status-publish","4":"format-standard","5":"has-post-thumbnail","7":"category-noticias"},"_links":{"self":[{"href":"https:\/\/sertsc.org.br\/site\/wp-json\/wp\/v2\/posts\/4670","targetHints":{"allow":["GET"]}}],"collection":[{"href":"https:\/\/sertsc.org.br\/site\/wp-json\/wp\/v2\/posts"}],"about":[{"href":"https:\/\/sertsc.org.br\/site\/wp-json\/wp\/v2\/types\/post"}],"author":[{"embeddable":true,"href":"https:\/\/sertsc.org.br\/site\/wp-json\/wp\/v2\/users\/1"}],"replies":[{"embeddable":true,"href":"https:\/\/sertsc.org.br\/site\/wp-json\/wp\/v2\/comments?post=4670"}],"version-history":[{"count":0,"href":"https:\/\/sertsc.org.br\/site\/wp-json\/wp\/v2\/posts\/4670\/revisions"}],"wp:featuredmedia":[{"embeddable":true,"href":"https:\/\/sertsc.org.br\/site\/wp-json\/"}],"wp:attachment":[{"href":"https:\/\/sertsc.org.br\/site\/wp-json\/wp\/v2\/media?parent=4670"}],"wp:term":[{"taxonomy":"category","embeddable":true,"href":"https:\/\/sertsc.org.br\/site\/wp-json\/wp\/v2\/categories?post=4670"},{"taxonomy":"post_tag","embeddable":true,"href":"https:\/\/sertsc.org.br\/site\/wp-json\/wp\/v2\/tags?post=4670"}],"curies":[{"name":"wp","href":"https:\/\/api.w.org\/{rel}","templated":true}]}}