{"id":4663,"date":"2017-05-24T09:04:10","date_gmt":"2017-05-24T12:04:10","guid":{"rendered":"http:\/\/www.sertsc.org.br\/site\/?p=4663"},"modified":"2017-05-24T09:04:10","modified_gmt":"2017-05-24T12:04:10","slug":"4663-2","status":"publish","type":"post","link":"https:\/\/sertsc.org.br\/site\/4663-2\/","title":{"rendered":"SERT\/SC realiza Assembleia Geral Extraordin\u00e1ria"},"content":{"rendered":"<p style=\"text-align: justify;\">Na \u00faltima sexta-feira, 19, o <b>Sindicato das Empresas de R\u00e1dio e Televis\u00e3o do Estado de Santa Catarina &#8211; SERT\/SC<\/b> realizou a assembleia geral extraordin\u00e1ria, que teve como pauta principal a analise das reivindica\u00e7\u00f5es 2017\/2018 do Sindicato dos Jornalistas Profissionais de Santa Catarina.<u><\/u><u><\/u><\/p>\n<p style=\"text-align: justify;\">Na oportunidade, foi composta a comiss\u00e3o de negocia\u00e7\u00e3o respons\u00e1vel pela sequ\u00eancia das tratativas<a name=\"m_5181172309955872868_x__GoBack\"><\/a>, tendo como membros Carlos Alberto Ross, Presidente da Comiss\u00e3o, Marise Westphal Hartke, Darel D\u2019Avila e C\u00e9lio Moriggi como membros negociadores. Ficou definido pelos presentes que, o Dr. Marcos Ant\u00f4nio Silveira, Advogado e Consultor Jur\u00eddico da entidade \u00e9 o respons\u00e1vel por acompanhar o procedimento junto a Superintend\u00eancia Regional do Trabalho e Emprego do Estado de Santa Catarina, ou em outra inst\u00e2ncia jurisdicional. Ap\u00f3s a assembleia, foram debatidos outros assuntos relacionados ao segmento econ\u00f4mico.<u><\/u><u><\/u><\/p>\n<p style=\"text-align: justify;\">No mesmo dia, no per\u00edodo da tarde, o presidente Carlos Alberto Ross, recebeu a visita do ex-presidente, senhor Est\u00e1cio Ramos que atuou a frente do SERT\/SC por dois mandatos consecutivos, de 1983 a 1989.<\/p>\n\n<p style=\"text-align: center;\"><b>EM SINTONIA NOSSO SINAL \u00c9 MUITO MAIS FORTE!<\/b><\/p>\n<p style=\"text-align: center;\">\n","protected":false},"excerpt":{"rendered":"<p>Na \u00faltima sexta-feira, 19, o Sindicato das Empresas de R\u00e1dio&hellip;<\/p>\n<p> <a class=\"more-link\" href=\"https:\/\/sertsc.org.br\/site\/4663-2\/\">Leia mais<\/a><\/p>\n","protected":false},"author":1,"featured_media":4665,"comment_status":"closed","ping_status":"open","sticky":false,"template":"","format":"standard","meta":{"footnotes":""},"categories":[33],"tags":[],"class_list":{"0":"post-4663","1":"post","2":"type-post","3":"status-publish","4":"format-standard","5":"has-post-thumbnail","7":"category-destaques"},"_links":{"self":[{"href":"https:\/\/sertsc.org.br\/site\/wp-json\/wp\/v2\/posts\/4663","targetHints":{"allow":["GET"]}}],"collection":[{"href":"https:\/\/sertsc.org.br\/site\/wp-json\/wp\/v2\/posts"}],"about":[{"href":"https:\/\/sertsc.org.br\/site\/wp-json\/wp\/v2\/types\/post"}],"author":[{"embeddable":true,"href":"https:\/\/sertsc.org.br\/site\/wp-json\/wp\/v2\/users\/1"}],"replies":[{"embeddable":true,"href":"https:\/\/sertsc.org.br\/site\/wp-json\/wp\/v2\/comments?post=4663"}],"version-history":[{"count":0,"href":"https:\/\/sertsc.org.br\/site\/wp-json\/wp\/v2\/posts\/4663\/revisions"}],"wp:featuredmedia":[{"embeddable":true,"href":"https:\/\/sertsc.org.br\/site\/wp-json\/"}],"wp:attachment":[{"href":"https:\/\/sertsc.org.br\/site\/wp-json\/wp\/v2\/media?parent=4663"}],"wp:term":[{"taxonomy":"category","embeddable":true,"href":"https:\/\/sertsc.org.br\/site\/wp-json\/wp\/v2\/categories?post=4663"},{"taxonomy":"post_tag","embeddable":true,"href":"https:\/\/sertsc.org.br\/site\/wp-json\/wp\/v2\/tags?post=4663"}],"curies":[{"name":"wp","href":"https:\/\/api.w.org\/{rel}","templated":true}]}}