{"id":4659,"date":"2017-05-24T08:22:33","date_gmt":"2017-05-24T11:22:33","guid":{"rendered":"http:\/\/www.sertsc.org.br\/site\/?p=4659"},"modified":"2017-05-24T08:22:33","modified_gmt":"2017-05-24T11:22:33","slug":"radios-de-goiania-e-curitiba-concluem-migracao-para-fm","status":"publish","type":"post","link":"https:\/\/sertsc.org.br\/site\/radios-de-goiania-e-curitiba-concluem-migracao-para-fm\/","title":{"rendered":"R\u00e1dios de Goi\u00e2nia e Curitiba concluem migra\u00e7\u00e3o para FM"},"content":{"rendered":"<p style=\"text-align: justify;\">O Ministro de Ci\u00eancia, Tecnologia, Inova\u00e7\u00f5es e Comunica\u00e7\u00f5es, Gilberto Kassab, estar\u00e1 no dia 31 de maio em Goi\u00e2nia (GO) e no dia 5 de junho em Curitiba (PR) para assinatura dos contratos de migra\u00e7\u00e3o das r\u00e1dios que ir\u00e3o funcionar em FM.<\/p>\n<p style=\"text-align: justify;\">Durante os eventos, os radiodifusores assinar\u00e3o o termo aditivo que adapta as outorgas de concess\u00e3o e autoriza a mudan\u00e7a de frequ\u00eancia de AM para FM.<\/p>\n<p style=\"text-align: justify;\">Em Goi\u00e2nia, 13 emissoras migrar\u00e3o para o FM. J\u00e1 em Curitiba, aproximadamente 40 r\u00e1dios est\u00e3o prontas para assinar o novo contrato.<\/p>\n<p style=\"text-align: justify;\">Ap\u00f3s a assinatura do termo, a emissora precisa apresentar o projeto de instala\u00e7\u00e3o e obter a aprova\u00e7\u00e3o de local e uso de radiofrequ\u00eancia.<\/p>\n<p style=\"text-align: justify;\">A mudan\u00e7a para o FM garante mais qualidade do sinal e a possibilidade de sintonia em celulares e tablets, gerando melhores resultados em audi\u00eancia e faturamento \u00e0s emissoras de r\u00e1dio.<\/p>\n<p style=\"text-align: justify;\">Das 1781 r\u00e1dios AM no Brasil, quase 1500 solicitaram a migra\u00e7\u00e3o para o FM. Nesta primeira etapa, cerca de mil emissoras poder\u00e3o operar na faixa atual de FM, de 88 a 108 MHz. As demais emissoras ter\u00e3o que esperar concluir o processo de digitaliza\u00e7\u00e3o da TV para libera\u00e7\u00e3o da faixa estendida, de 76 at\u00e9 108 MHz, hoje ocupada pela TV anal\u00f3gica.<\/p>\n<p style=\"text-align: justify;\">\nFonte: Abert<\/p>\n","protected":false},"excerpt":{"rendered":"<p>O Ministro de Ci\u00eancia, Tecnologia, Inova\u00e7\u00f5es e Comunica\u00e7\u00f5es, Gilberto Kassab,&hellip;<\/p>\n<p> <a class=\"more-link\" href=\"https:\/\/sertsc.org.br\/site\/radios-de-goiania-e-curitiba-concluem-migracao-para-fm\/\">Leia mais<\/a><\/p>\n","protected":false},"author":1,"featured_media":4660,"comment_status":"closed","ping_status":"open","sticky":false,"template":"","format":"standard","meta":{"footnotes":""},"categories":[3],"tags":[],"class_list":{"0":"post-4659","1":"post","2":"type-post","3":"status-publish","4":"format-standard","5":"has-post-thumbnail","7":"category-noticias"},"_links":{"self":[{"href":"https:\/\/sertsc.org.br\/site\/wp-json\/wp\/v2\/posts\/4659","targetHints":{"allow":["GET"]}}],"collection":[{"href":"https:\/\/sertsc.org.br\/site\/wp-json\/wp\/v2\/posts"}],"about":[{"href":"https:\/\/sertsc.org.br\/site\/wp-json\/wp\/v2\/types\/post"}],"author":[{"embeddable":true,"href":"https:\/\/sertsc.org.br\/site\/wp-json\/wp\/v2\/users\/1"}],"replies":[{"embeddable":true,"href":"https:\/\/sertsc.org.br\/site\/wp-json\/wp\/v2\/comments?post=4659"}],"version-history":[{"count":0,"href":"https:\/\/sertsc.org.br\/site\/wp-json\/wp\/v2\/posts\/4659\/revisions"}],"wp:featuredmedia":[{"embeddable":true,"href":"https:\/\/sertsc.org.br\/site\/wp-json\/"}],"wp:attachment":[{"href":"https:\/\/sertsc.org.br\/site\/wp-json\/wp\/v2\/media?parent=4659"}],"wp:term":[{"taxonomy":"category","embeddable":true,"href":"https:\/\/sertsc.org.br\/site\/wp-json\/wp\/v2\/categories?post=4659"},{"taxonomy":"post_tag","embeddable":true,"href":"https:\/\/sertsc.org.br\/site\/wp-json\/wp\/v2\/tags?post=4659"}],"curies":[{"name":"wp","href":"https:\/\/api.w.org\/{rel}","templated":true}]}}