{"id":4649,"date":"2017-05-23T15:14:12","date_gmt":"2017-05-23T18:14:12","guid":{"rendered":"http:\/\/www.sertsc.org.br\/site\/?p=4649"},"modified":"2017-05-23T15:14:12","modified_gmt":"2017-05-23T18:14:12","slug":"sertsc-promove-ciclo-de-palestras-em-tubarao","status":"publish","type":"post","link":"https:\/\/sertsc.org.br\/site\/sertsc-promove-ciclo-de-palestras-em-tubarao\/","title":{"rendered":"SERT\/SC PROMOVE CICLO DE PALESTRAS EM TUBAR\u00c3O"},"content":{"rendered":"<p style=\"text-align: justify;\"><span style=\"font-family: 'Georgia','serif'; color: #333333;\"><img fetchpriority=\"high\" decoding=\"async\" class=\"aligncenter size-full wp-image-4650\" src=\"http:\/\/www.sertsc.org.br\/site\/wp-content\/uploads\/2017\/05\/regi\u00e3o-sul-banner2.jpg\" alt=\"regi\u00e3o sul - banner2\" width=\"1021\" height=\"580\" \/><\/span><\/p>\n<p style=\"text-align: justify;\"><span style=\"font-family: 'Georgia','serif'; color: #333333;\">Amigos radiodifusores da Regi\u00e3o Sul!\u00a0 O Sindicato das Empresas de R\u00e1dio e Televis\u00e3o do Estado de SC \u2013 SERT\/SC convida os filiados para participarem do Encontro Regional que acontecer\u00e1\u00a0<strong><span style=\"font-family: 'Georgia','serif';\">no dia 15 de julho em Tubar\u00e3o.<\/span><\/strong><\/span><\/p>\n<p style=\"text-align: justify;\"><span style=\"font-family: 'Georgia','serif'; color: #333333;\">Com o objetivo de dar continuidade as visitas t\u00e9cnicas e jur\u00eddicas para levar mais conhecimento e informa\u00e7\u00f5es para os radiodifusores do Estado de Santa Catarina, o SERT\/SC estar\u00e1 realizando o 2\u00ba Encontro Regional deste ano, \u00a0com a presen\u00e7a do Presidente da entidade, Carlos Alberto Ross, e assessores, al\u00e9m da participa\u00e7\u00e3o especial do Palestrante Fernando Morgado.<\/span><\/p>\n<p style=\"text-align: justify;\"><span style=\"font-family: 'Georgia','serif'; color: #333333;\">Em breve mais informa\u00e7\u00f5es.<\/span><\/p>\n","protected":false},"excerpt":{"rendered":"<p>Amigos radiodifusores da Regi\u00e3o Sul!\u00a0 O Sindicato das Empresas de&hellip;<\/p>\n<p> <a class=\"more-link\" href=\"https:\/\/sertsc.org.br\/site\/sertsc-promove-ciclo-de-palestras-em-tubarao\/\">Leia mais<\/a><\/p>\n","protected":false},"author":1,"featured_media":4650,"comment_status":"closed","ping_status":"open","sticky":false,"template":"","format":"standard","meta":{"footnotes":""},"categories":[33],"tags":[],"class_list":{"0":"post-4649","1":"post","2":"type-post","3":"status-publish","4":"format-standard","5":"has-post-thumbnail","7":"category-destaques"},"_links":{"self":[{"href":"https:\/\/sertsc.org.br\/site\/wp-json\/wp\/v2\/posts\/4649","targetHints":{"allow":["GET"]}}],"collection":[{"href":"https:\/\/sertsc.org.br\/site\/wp-json\/wp\/v2\/posts"}],"about":[{"href":"https:\/\/sertsc.org.br\/site\/wp-json\/wp\/v2\/types\/post"}],"author":[{"embeddable":true,"href":"https:\/\/sertsc.org.br\/site\/wp-json\/wp\/v2\/users\/1"}],"replies":[{"embeddable":true,"href":"https:\/\/sertsc.org.br\/site\/wp-json\/wp\/v2\/comments?post=4649"}],"version-history":[{"count":0,"href":"https:\/\/sertsc.org.br\/site\/wp-json\/wp\/v2\/posts\/4649\/revisions"}],"wp:featuredmedia":[{"embeddable":true,"href":"https:\/\/sertsc.org.br\/site\/wp-json\/"}],"wp:attachment":[{"href":"https:\/\/sertsc.org.br\/site\/wp-json\/wp\/v2\/media?parent=4649"}],"wp:term":[{"taxonomy":"category","embeddable":true,"href":"https:\/\/sertsc.org.br\/site\/wp-json\/wp\/v2\/categories?post=4649"},{"taxonomy":"post_tag","embeddable":true,"href":"https:\/\/sertsc.org.br\/site\/wp-json\/wp\/v2\/tags?post=4649"}],"curies":[{"name":"wp","href":"https:\/\/api.w.org\/{rel}","templated":true}]}}