{"id":4151,"date":"2017-03-30T10:55:00","date_gmt":"2017-03-30T13:55:00","guid":{"rendered":"http:\/\/www.sertsc.org.br\/site\/?p=4151"},"modified":"2017-03-30T10:55:00","modified_gmt":"2017-03-30T13:55:00","slug":"tv-analogica-e-desligada-em-sao-paulo-impactos-serao-medidos-nos-proximos-dias","status":"publish","type":"post","link":"https:\/\/sertsc.org.br\/site\/tv-analogica-e-desligada-em-sao-paulo-impactos-serao-medidos-nos-proximos-dias\/","title":{"rendered":"TV anal\u00f3gica \u00e9 desligada em S\u00e3o Paulo; impactos ser\u00e3o medidos nos pr\u00f3ximos dias"},"content":{"rendered":"<p style=\"text-align: justify;\">O sinal da TV anal\u00f3gica foi desligado nesta quarta, 29 de mar\u00e7o, na regi\u00e3o metropolitana de S\u00e3o Paulo. \u00c9 a mesma regi\u00e3o que primeiro recebeu as transmiss\u00f5es digitais, no final de 2007, e a mais populosa \u00e1rea a ser desligada de uma s\u00f3 vez. Ao longo do dia, houve d\u00favidas sobre a possibilidade de um eventual recursos judicial contra o desligamento, o que acabou n\u00e3o acontecendo, e sobre o impacto da briga entre algumas emissoras de TV aberta congregadas na joint-venture Simba contra as operadoras de TV por assinatura. Ao final do dia, toda as emissoras, incluindo as tr\u00eas, fizeram longas reportagens sobre o fim das transmiss\u00f5es e o desligamento acabou acontecendo como esperado.<\/p>\n<p style=\"text-align: justify;\">Rescaldo<\/p>\n<p style=\"text-align: justify;\">A grande expectativa agora \u00e9 sobre o volume de pessoas benefici\u00e1rias do Bolsa Fam\u00edlia e de programas do Cadastro \u00danico que n\u00e3o retiraram os kits de convers\u00e3o gratuitos distribu\u00eddos pela Seja Digital\u00a0(Entidade Administradora da Digitaliza\u00e7\u00e3o). A expectativa \u00e9 que nos pr\u00f3ximos dias sejam distribu\u00eddos um volume recorde de kits, na casa de 200 mil na primeira semana e um pouco menos na seguinte. Mas todo o processo n\u00e3o deve\u00a0levar de \u00a0duas ou tr\u00eas semanas, pela experi\u00eancia de Bras\u00edlia. Ainda que percentualmente S\u00e3o Paulo mostre-se bastante preparada para a digitaliza\u00e7\u00e3o (com quase 90% dos benefici\u00e1rios do Cadastro \u00danico j\u00e1 aptos para receber o sinal digital), o n\u00famero absoluto de pessoas \u00e9 um fator de preocupa\u00e7\u00e3o. As pesquisas mostram, por outro lado, que apenas 5% da popula\u00e7\u00e3o ficariam sem ter como assistir TV a partir do desligamento. Fato \u00e9 que para a Seja Digital foi mais problem\u00e1tico lidar com a confus\u00e3o gerada pela comunica\u00e7\u00e3o do Simba sobre o desligamento aos assinantes de TV paga, e por parte das pr\u00f3prias operadoras de TV paga, que remeteram seus assinantes ao site da Seja Digital, do que pela demanda das pessoas eleg\u00edveis a receber os kits na \u00faltima hora.<\/p>\n<p style=\"text-align: justify;\">Grandes varejistas tamb\u00e9m apostaram em um aumento de demanda de \u00faltima hora por receptores e televisores, e v\u00e1rios anunciavam promo\u00e7\u00f5es com esse tema em seus sites.<\/p>\n<p style=\"text-align: justify;\">Para as operadoras de TV por assinatura, as medi\u00e7\u00f5es preliminares de reclama\u00e7\u00f5es por conta do corte do sinal em Bras\u00edlia n\u00e3o foram preocupantes, segundo apurou este notici\u00e1rio, mas ainda existe uma grande preocupa\u00e7\u00e3o com o impacto na grande\u00a0S\u00e3o Paulo.\u00a0Os pr\u00f3ximos dias ser\u00e3o decisivos para o futuro do Simba. Tanto operadoras de TV paga quanto a Seja Digital refor\u00e7aram suas centrais de atendimento para monitorar os impactos do desligamento.<\/p>\n<p style=\"text-align: justify;\">Fonte: Tela Viva News.<\/p>\n","protected":false},"excerpt":{"rendered":"<p>O sinal da TV anal\u00f3gica foi desligado nesta quarta, 29&hellip;<\/p>\n<p> <a class=\"more-link\" href=\"https:\/\/sertsc.org.br\/site\/tv-analogica-e-desligada-em-sao-paulo-impactos-serao-medidos-nos-proximos-dias\/\">Leia mais<\/a><\/p>\n","protected":false},"author":1,"featured_media":4152,"comment_status":"closed","ping_status":"open","sticky":false,"template":"","format":"standard","meta":{"footnotes":""},"categories":[3],"tags":[],"class_list":{"0":"post-4151","1":"post","2":"type-post","3":"status-publish","4":"format-standard","5":"has-post-thumbnail","7":"category-noticias"},"_links":{"self":[{"href":"https:\/\/sertsc.org.br\/site\/wp-json\/wp\/v2\/posts\/4151","targetHints":{"allow":["GET"]}}],"collection":[{"href":"https:\/\/sertsc.org.br\/site\/wp-json\/wp\/v2\/posts"}],"about":[{"href":"https:\/\/sertsc.org.br\/site\/wp-json\/wp\/v2\/types\/post"}],"author":[{"embeddable":true,"href":"https:\/\/sertsc.org.br\/site\/wp-json\/wp\/v2\/users\/1"}],"replies":[{"embeddable":true,"href":"https:\/\/sertsc.org.br\/site\/wp-json\/wp\/v2\/comments?post=4151"}],"version-history":[{"count":0,"href":"https:\/\/sertsc.org.br\/site\/wp-json\/wp\/v2\/posts\/4151\/revisions"}],"wp:featuredmedia":[{"embeddable":true,"href":"https:\/\/sertsc.org.br\/site\/wp-json\/"}],"wp:attachment":[{"href":"https:\/\/sertsc.org.br\/site\/wp-json\/wp\/v2\/media?parent=4151"}],"wp:term":[{"taxonomy":"category","embeddable":true,"href":"https:\/\/sertsc.org.br\/site\/wp-json\/wp\/v2\/categories?post=4151"},{"taxonomy":"post_tag","embeddable":true,"href":"https:\/\/sertsc.org.br\/site\/wp-json\/wp\/v2\/tags?post=4151"}],"curies":[{"name":"wp","href":"https:\/\/api.w.org\/{rel}","templated":true}]}}