{"id":4143,"date":"2017-03-30T08:43:34","date_gmt":"2017-03-30T11:43:34","guid":{"rendered":"http:\/\/www.sertsc.org.br\/site\/?p=4143"},"modified":"2017-03-30T08:43:34","modified_gmt":"2017-03-30T11:43:34","slug":"registrada-convencao-coletiva-de-trabalho-de-2017-2","status":"publish","type":"post","link":"https:\/\/sertsc.org.br\/site\/registrada-convencao-coletiva-de-trabalho-de-2017-2\/","title":{"rendered":"Registrada Conven\u00e7\u00e3o Coletiva de Trabalho de 2017"},"content":{"rendered":"<p style=\"text-align: justify;\">Comunicamos que a <strong>Conven\u00e7\u00e3o Coletiva de Trabalho<\/strong> referente ao exerc\u00edcio de <strong>2017<\/strong> fechada com o <strong>Sindicato dos Radialistas da Regi\u00e3o Norte\/Nordeste de SC<\/strong>\u00a0e o <strong>Sindicato dos Radialistas do Estado de Santa Catarina \u2013 SINDIRADIO-SC<\/strong> j\u00e1 est\u00e1 registrada no Minist\u00e9rio do Trabalho.<\/p>\n<p style=\"text-align: justify;\">Dispon\u00edvel em <strong><a href=\"http:\/\/www.sertsc.org.br\/site\/convencoes\/\" target=\"_blank\" rel=\"noopener noreferrer\">Conven\u00e7\u00f5es Coletivas<\/a><\/strong>.<\/p>\n<p style=\"text-align: center;\">Carlos Alberto Ross<br \/>\nPresidente SERT\/SC<\/p>\n","protected":false},"excerpt":{"rendered":"<p>Comunicamos que a Conven\u00e7\u00e3o Coletiva de Trabalho referente ao exerc\u00edcio&hellip;<\/p>\n<p> <a class=\"more-link\" href=\"https:\/\/sertsc.org.br\/site\/registrada-convencao-coletiva-de-trabalho-de-2017-2\/\">Leia mais<\/a><\/p>\n","protected":false},"author":1,"featured_media":2496,"comment_status":"closed","ping_status":"open","sticky":false,"template":"","format":"standard","meta":{"footnotes":""},"categories":[33],"tags":[],"class_list":{"0":"post-4143","1":"post","2":"type-post","3":"status-publish","4":"format-standard","5":"has-post-thumbnail","7":"category-destaques"},"_links":{"self":[{"href":"https:\/\/sertsc.org.br\/site\/wp-json\/wp\/v2\/posts\/4143","targetHints":{"allow":["GET"]}}],"collection":[{"href":"https:\/\/sertsc.org.br\/site\/wp-json\/wp\/v2\/posts"}],"about":[{"href":"https:\/\/sertsc.org.br\/site\/wp-json\/wp\/v2\/types\/post"}],"author":[{"embeddable":true,"href":"https:\/\/sertsc.org.br\/site\/wp-json\/wp\/v2\/users\/1"}],"replies":[{"embeddable":true,"href":"https:\/\/sertsc.org.br\/site\/wp-json\/wp\/v2\/comments?post=4143"}],"version-history":[{"count":0,"href":"https:\/\/sertsc.org.br\/site\/wp-json\/wp\/v2\/posts\/4143\/revisions"}],"wp:featuredmedia":[{"embeddable":true,"href":"https:\/\/sertsc.org.br\/site\/wp-json\/"}],"wp:attachment":[{"href":"https:\/\/sertsc.org.br\/site\/wp-json\/wp\/v2\/media?parent=4143"}],"wp:term":[{"taxonomy":"category","embeddable":true,"href":"https:\/\/sertsc.org.br\/site\/wp-json\/wp\/v2\/categories?post=4143"},{"taxonomy":"post_tag","embeddable":true,"href":"https:\/\/sertsc.org.br\/site\/wp-json\/wp\/v2\/tags?post=4143"}],"curies":[{"name":"wp","href":"https:\/\/api.w.org\/{rel}","templated":true}]}}