{"id":4133,"date":"2017-03-29T08:51:49","date_gmt":"2017-03-29T11:51:49","guid":{"rendered":"http:\/\/www.sertsc.org.br\/site\/?p=4133"},"modified":"2017-03-29T08:51:49","modified_gmt":"2017-03-29T11:51:49","slug":"temer-sanciona-sem-vetos-mp-que-libera-troca-de-dono-de-emissoras-de-tv-e-radio","status":"publish","type":"post","link":"https:\/\/sertsc.org.br\/site\/temer-sanciona-sem-vetos-mp-que-libera-troca-de-dono-de-emissoras-de-tv-e-radio\/","title":{"rendered":"Temer sanciona sem vetos MP que libera troca de dono de emissoras de TV e R\u00e1dio"},"content":{"rendered":"<p style=\"text-align: justify;\">Com a nova lei, radiodifusores podem vender suas empresas sem precisar de autoriza\u00e7\u00e3o da Uni\u00e3o.<\/p>\n<p style=\"text-align: justify;\">O presidente Michel Temer sancionou na ter\u00e7a-feira (28), em cerim\u00f4nia no Pal\u00e1cio do Planalto, a medida provis\u00f3ria que estabelece prazos e simplifica procedimentos para a renova\u00e7\u00e3o de concess\u00f5es de r\u00e1dio e televis\u00e3o.<\/p>\n<p style=\"text-align: justify;\">Por se tratar de uma medida provis\u00f3ria, a norma entrou em vigor no ato da publica\u00e7\u00e3o pelo Executivo, em outubro do ano passado. Para virar lei e n\u00e3o perder a validade, precisava ser aprovada pelo Congresso Nacional.<\/p>\n<p style=\"text-align: justify;\">A proposta simplifica a an\u00e1lise das altera\u00e7\u00f5es contratuais ou estatut\u00e1rias que impliquem altera\u00e7\u00e3o dos objetivos sociais ou mudan\u00e7a do controle societ\u00e1rio das emissoras comerciais e comunit\u00e1rias.<\/p>\n<p style=\"text-align: justify;\">Atualmente, \u00e9 exigida pela lei a necessidade de pr\u00e9via anu\u00eancia do \u00f3rg\u00e3o competente do Poder Executivo para a realiza\u00e7\u00e3o da opera\u00e7\u00e3o.<\/p>\n<p style=\"text-align: justify;\">A proposta determina que as altera\u00e7\u00f5es tenham apenas que ser comunicadas ao \u00f3rg\u00e3o competente do Poder Executivo, prescindindo, assim, dessa pr\u00e9via anu\u00eancia.A medida provis\u00f3ria inclui ainda a regulariza\u00e7\u00e3o das concess\u00f5es vencidas. A partir da publica\u00e7\u00e3o da medida, as entidades tiveram at\u00e9 90 dias para fazer o pedido.<\/p>\n<p style=\"text-align: justify;\">Para o presidente da Abert, Paulo Tonet Camargo, comemorou a san\u00e7\u00e3o da medida provis\u00f3ria.\u201cHoje, o setor de radiodifus\u00e3o comemora o maior avan\u00e7o legislativo dos \u00faltimos anos. A san\u00e7\u00e3o era aguardada ansiosamente por aqueles que h\u00e1 muito esperam uma simplifica\u00e7\u00e3o dos processos\u201d, completou.<\/p>\n<p style=\"text-align: justify;\">Fonte: Tele.S\u00edntese<\/p>\n","protected":false},"excerpt":{"rendered":"<p>Com a nova lei, radiodifusores podem vender suas empresas sem&hellip;<\/p>\n<p> <a class=\"more-link\" href=\"https:\/\/sertsc.org.br\/site\/temer-sanciona-sem-vetos-mp-que-libera-troca-de-dono-de-emissoras-de-tv-e-radio\/\">Leia mais<\/a><\/p>\n","protected":false},"author":1,"featured_media":4134,"comment_status":"closed","ping_status":"open","sticky":false,"template":"","format":"standard","meta":{"footnotes":""},"categories":[33],"tags":[],"class_list":{"0":"post-4133","1":"post","2":"type-post","3":"status-publish","4":"format-standard","5":"has-post-thumbnail","7":"category-destaques"},"_links":{"self":[{"href":"https:\/\/sertsc.org.br\/site\/wp-json\/wp\/v2\/posts\/4133","targetHints":{"allow":["GET"]}}],"collection":[{"href":"https:\/\/sertsc.org.br\/site\/wp-json\/wp\/v2\/posts"}],"about":[{"href":"https:\/\/sertsc.org.br\/site\/wp-json\/wp\/v2\/types\/post"}],"author":[{"embeddable":true,"href":"https:\/\/sertsc.org.br\/site\/wp-json\/wp\/v2\/users\/1"}],"replies":[{"embeddable":true,"href":"https:\/\/sertsc.org.br\/site\/wp-json\/wp\/v2\/comments?post=4133"}],"version-history":[{"count":0,"href":"https:\/\/sertsc.org.br\/site\/wp-json\/wp\/v2\/posts\/4133\/revisions"}],"wp:featuredmedia":[{"embeddable":true,"href":"https:\/\/sertsc.org.br\/site\/wp-json\/"}],"wp:attachment":[{"href":"https:\/\/sertsc.org.br\/site\/wp-json\/wp\/v2\/media?parent=4133"}],"wp:term":[{"taxonomy":"category","embeddable":true,"href":"https:\/\/sertsc.org.br\/site\/wp-json\/wp\/v2\/categories?post=4133"},{"taxonomy":"post_tag","embeddable":true,"href":"https:\/\/sertsc.org.br\/site\/wp-json\/wp\/v2\/tags?post=4133"}],"curies":[{"name":"wp","href":"https:\/\/api.w.org\/{rel}","templated":true}]}}