{"id":4127,"date":"2017-03-29T08:21:45","date_gmt":"2017-03-29T11:21:45","guid":{"rendered":"http:\/\/www.sertsc.org.br\/site\/?p=4127"},"modified":"2017-03-29T08:21:45","modified_gmt":"2017-03-29T11:21:45","slug":"sinal-analogico-de-tv-sera-desligado-hoje-em-sao-paulo-e-municipios-da-regiao","status":"publish","type":"post","link":"https:\/\/sertsc.org.br\/site\/sinal-analogico-de-tv-sera-desligado-hoje-em-sao-paulo-e-municipios-da-regiao\/","title":{"rendered":"TV anal\u00f3gica \u00e9 desligada em S\u00e3o Paulo;"},"content":{"rendered":"<figure id=\"attachment_4128\" aria-describedby=\"caption-attachment-4128\" style=\"width: 580px\" class=\"wp-caption aligncenter\"><a href=\"http:\/\/www.sertsc.org.br\/site\/sinal-analogico-de-tv-sera-desligado-hoje-em-sao-paulo-e-municipios-da-regiao\/tvsaopaulo\/\" rel=\"attachment wp-att-4128\"><img fetchpriority=\"high\" decoding=\"async\" class=\"wp-image-4128 size-full\" src=\"http:\/\/www.sertsc.org.br\/site\/wp-content\/uploads\/2017\/03\/tvsaopaulo.jpg\" alt=\"tvsaopaulo\" width=\"580\" height=\"388\" \/><\/a><figcaption id=\"caption-attachment-4128\" class=\"wp-caption-text\">Para as fam\u00edlias de baixa renda, 1,2 milh\u00e3o de kits gratuitos devem ser entregues na regi\u00e3o metropolitana de S\u00e3o Paulo e em munic\u00edpios vizinhos -Antonio Cruz\/ Ag\u00eancia Brasil<\/figcaption><\/figure>\n<p style=\"text-align: justify;\">A partir desta quarta-feira (29), o sinal anal\u00f3gico de televis\u00e3o ser\u00e1 totalmente desligado em S\u00e3o Paulo e em mais 38 munic\u00edpios da regi\u00e3o metropolitana. O sinal s\u00f3 estar\u00e1 dispon\u00edvel no formato digital e, para sintonizar os canais de TV abertos, ser\u00e1 preciso instalar uma antena digital e um conversor se o aparelho n\u00e3o for digital.<\/p>\n<p style=\"text-align: justify;\">Na ter\u00e7a-feira, (28), o Grupo de implanta\u00e7\u00e3o da TV Digital (Gired) informou que as condi\u00e7\u00f5es para o desligamento anal\u00f3gico em S\u00e3o Paulo foram atendidas. Segundo pesquisa feita pelo Ibope, 92% dos domic\u00edlios da regi\u00e3o metropolitana estar\u00e3o aptos a receber o sinal digital da TV aberta quando ocorrer o desligamento das transmiss\u00f5es anal\u00f3gicas.<\/p>\n<p style=\"text-align: justify;\">Com o fim das transmiss\u00f5es anal\u00f3gicas, a previs\u00e3o \u00e9 de que o \u00edndice da popula\u00e7\u00e3o coberta por algum tipo de sistema de recep\u00e7\u00e3o de sinal de TV ser\u00e1 de 95%. Isso inclui, por exemplo, os domic\u00edlios que t\u00eam TV parab\u00f3lica.<\/p>\n<p style=\"text-align: justify;\">Para Ant\u00f4nio Marteletto, presidente da Seja Digital, entidade respons\u00e1vel pela transi\u00e7\u00e3o da TV aberta anal\u00f3gica para a nova fase, a expectativa \u00e9 de que em alguns dias o percentual chegue a 100% da popula\u00e7\u00e3o. Ele espera que a digitaliza\u00e7\u00e3o em S\u00e3o Paulo sirva para impulsionar o processo no restante do pa\u00eds, pela import\u00e2ncia da cidade.<\/p>\n<p style=\"text-align: justify;\"><strong>Conversores<\/strong><\/p>\n<p style=\"text-align: justify;\">Para as fam\u00edlias de baixa renda, 1,2 milh\u00e3o de kits gratuitos devem ser entregues na Grande S\u00e3o Paulo e em munic\u00edpios vizinhos. Os kits, que cont\u00eam conversor, antena e cabos, continuar\u00e3o a ser distribu\u00eddos at\u00e9 45 dias ap\u00f3s o encerramento das transmiss\u00f5es anal\u00f3gicas.<\/p>\n<p style=\"text-align: justify;\">Das fam\u00edlias inscritas no Bolsa Fam\u00edlia, 91% j\u00e1 contam com o sinal de TV aberta digital e, nos demais programas sociais, o percentual \u00e9 de 89%. Nos canais abertos que forem desligados, ser\u00e1 ainda transmitida por 30 dias mensagem para que o telespectador seja informado do fim das transmiss\u00f5es anal\u00f3gicas.<\/p>\n<p style=\"text-align: justify;\">Com o desligamento do sinal anal\u00f3gico, a faixa de 700 megahertz, que atualmente \u00e9 utilizada para as transmiss\u00f5es de TV anal\u00f3gica na regi\u00e3o, ser\u00e1 destinada ao servi\u00e7o 4G de telefonia m\u00f3vel.<\/p>\n<p style=\"text-align: justify;\"><strong>Pr\u00f3ximos passos<\/strong><\/p>\n<p style=\"text-align: justify;\">A pr\u00f3xima etapa do desligamento ser\u00e1 em Goi\u00e2nia e em mais 28 munic\u00edpios de Goi\u00e1s, no dia 31 de maio. Segundo o Ibope, o primeiro levantamento mostra que 80% dos domic\u00edlios da regi\u00e3o j\u00e1 est\u00e3o preparados para receber o sinal digital de televis\u00e3o.<\/p>\n<p style=\"text-align: justify;\">Em julho, ser\u00e1 a vez da regi\u00e3o metropolitana de quatro capitais: Salvador, Fortaleza, Belo Horizonte e Recife. Tamb\u00e9m para a data de 26 de julho est\u00e3o previstas as cidades cearenses de Sobral e Juazeiro do Norte. Em setembro, o sinal deve ser desligado em cidades do interior paulista: Campinas, Franca, Ribeir\u00e3o Preto, Santos e munic\u00edpios da regi\u00e3o do Vale do Para\u00edba. Em outubro, ser\u00e3o o Rio de Janeiro e Vit\u00f3ria.<\/p>\n<p style=\"text-align: justify;\">A primeira cidade que teve o sinal anal\u00f3gico desligado foi Rio Verde, em Goi\u00e1s, como um piloto da opera\u00e7\u00e3o, em mar\u00e7o do ano passado. Em novembro, o sinal foi desligado em Bras\u00edlia e nas cidades do entorno.<\/p>\n<p style=\"text-align: justify;\">Desde a \u00faltima segunda-feira (27), a TV Brasil, em S\u00e3o Paulo, pode ser sintonizada por meio do canal 62.1 digital e em HD.<\/p>\n<p style=\"text-align: justify;\"><strong>Veja a lista de munic\u00edpios que ter\u00e3o as transmiss\u00f5es anal\u00f3gicas de TV desligadas:<\/strong><\/p>\n<p style=\"text-align: justify;\">Aruj\u00e1, Barueri, Biritiba Mirim, Caieiras, Cajamar, Carapicu\u00edba, Cotia, Diadema, Embu, Embu-Gua\u00e7u, Ferraz de Vasconcelos, Francisco Morato, Franco da Rocha, Guararema, Guarulhos, Ibi\u00fana, Itapecerica da Serra, Itapevi, Itaquaquecetuba, Jandira, Mairipor\u00e3, Mau\u00e1, Mogi das Cruzes, Osasco, Pirapora do Bom Jesus, Po\u00e1, Ribeir\u00e3o Pires, Rio Grande da Serra, Sales\u00f3polis, Santa Isabel, Santana de Parna\u00edba, Santo Andr\u00e9, S\u00e3o Bernardo do Campo, S\u00e3o Caetano do Sul, S\u00e3o Louren\u00e7o da Serra, S\u00e3o Paulo, Suzano, Tabo\u00e3o da Serra e Vargem Grande Paulista.<\/p>\n<p style=\"text-align: justify;\">Fonte: Ag\u00eancia Brasil<\/p>\n<p>&nbsp;<\/p>\n","protected":false},"excerpt":{"rendered":"<p>A partir desta quarta-feira (29), o sinal anal\u00f3gico de televis\u00e3o&hellip;<\/p>\n<p> <a class=\"more-link\" href=\"https:\/\/sertsc.org.br\/site\/sinal-analogico-de-tv-sera-desligado-hoje-em-sao-paulo-e-municipios-da-regiao\/\">Leia mais<\/a><\/p>\n","protected":false},"author":1,"featured_media":4128,"comment_status":"closed","ping_status":"open","sticky":false,"template":"","format":"standard","meta":{"footnotes":""},"categories":[33],"tags":[],"class_list":{"0":"post-4127","1":"post","2":"type-post","3":"status-publish","4":"format-standard","5":"has-post-thumbnail","7":"category-destaques"},"_links":{"self":[{"href":"https:\/\/sertsc.org.br\/site\/wp-json\/wp\/v2\/posts\/4127","targetHints":{"allow":["GET"]}}],"collection":[{"href":"https:\/\/sertsc.org.br\/site\/wp-json\/wp\/v2\/posts"}],"about":[{"href":"https:\/\/sertsc.org.br\/site\/wp-json\/wp\/v2\/types\/post"}],"author":[{"embeddable":true,"href":"https:\/\/sertsc.org.br\/site\/wp-json\/wp\/v2\/users\/1"}],"replies":[{"embeddable":true,"href":"https:\/\/sertsc.org.br\/site\/wp-json\/wp\/v2\/comments?post=4127"}],"version-history":[{"count":0,"href":"https:\/\/sertsc.org.br\/site\/wp-json\/wp\/v2\/posts\/4127\/revisions"}],"wp:featuredmedia":[{"embeddable":true,"href":"https:\/\/sertsc.org.br\/site\/wp-json\/"}],"wp:attachment":[{"href":"https:\/\/sertsc.org.br\/site\/wp-json\/wp\/v2\/media?parent=4127"}],"wp:term":[{"taxonomy":"category","embeddable":true,"href":"https:\/\/sertsc.org.br\/site\/wp-json\/wp\/v2\/categories?post=4127"},{"taxonomy":"post_tag","embeddable":true,"href":"https:\/\/sertsc.org.br\/site\/wp-json\/wp\/v2\/tags?post=4127"}],"curies":[{"name":"wp","href":"https:\/\/api.w.org\/{rel}","templated":true}]}}