{"id":4122,"date":"2017-03-28T16:06:47","date_gmt":"2017-03-28T19:06:47","guid":{"rendered":"http:\/\/www.sertsc.org.br\/site\/?p=4122"},"modified":"2017-03-28T16:06:47","modified_gmt":"2017-03-28T19:06:47","slug":"registrada-convencao-coletiva-de-trabalho-de-2017","status":"publish","type":"post","link":"https:\/\/sertsc.org.br\/site\/registrada-convencao-coletiva-de-trabalho-de-2017\/","title":{"rendered":"Registrada Conven\u00e7\u00e3o Coletiva de Trabalho de 2017"},"content":{"rendered":"<p style=\"text-align: justify;\">Comunicamos que a <b>Conven\u00e7\u00e3o Coletiva de Trabalho<\/b> referente ao exerc\u00edcio de 2017 fechada com o\u00a0<b>Sindicato dos<\/b> <strong>Radialistas do Estado de Santa Catarina \u2013 SINDIRADIO-SC<\/strong><strong> j\u00e1 est\u00e1 registrada no <\/strong><strong>Minist\u00e9rio do Trabalho<\/strong><strong> conforme documento anexo.<\/strong><\/p>\n<p style=\"text-align: justify;\">Dispon\u00edvel em <a href=\"http:\/\/www.sertsc.org.br\/site\/convencoes\/\" target=\"_blank\" rel=\"noopener noreferrer\">Conven\u00e7\u00f5es Coletivas.<\/a><\/p>\n<p style=\"text-align: center;\">Carlos Alberto Ross<\/p>\n<p style=\"text-align: center;\">Presidente do SERT\/SC<\/p>\n","protected":false},"excerpt":{"rendered":"<p>Comunicamos que a Conven\u00e7\u00e3o Coletiva de Trabalho referente ao exerc\u00edcio&hellip;<\/p>\n<p> <a class=\"more-link\" href=\"https:\/\/sertsc.org.br\/site\/registrada-convencao-coletiva-de-trabalho-de-2017\/\">Leia mais<\/a><\/p>\n","protected":false},"author":1,"featured_media":4123,"comment_status":"closed","ping_status":"open","sticky":false,"template":"","format":"standard","meta":{"footnotes":""},"categories":[3],"tags":[],"class_list":{"0":"post-4122","1":"post","2":"type-post","3":"status-publish","4":"format-standard","5":"has-post-thumbnail","7":"category-noticias"},"_links":{"self":[{"href":"https:\/\/sertsc.org.br\/site\/wp-json\/wp\/v2\/posts\/4122","targetHints":{"allow":["GET"]}}],"collection":[{"href":"https:\/\/sertsc.org.br\/site\/wp-json\/wp\/v2\/posts"}],"about":[{"href":"https:\/\/sertsc.org.br\/site\/wp-json\/wp\/v2\/types\/post"}],"author":[{"embeddable":true,"href":"https:\/\/sertsc.org.br\/site\/wp-json\/wp\/v2\/users\/1"}],"replies":[{"embeddable":true,"href":"https:\/\/sertsc.org.br\/site\/wp-json\/wp\/v2\/comments?post=4122"}],"version-history":[{"count":0,"href":"https:\/\/sertsc.org.br\/site\/wp-json\/wp\/v2\/posts\/4122\/revisions"}],"wp:featuredmedia":[{"embeddable":true,"href":"https:\/\/sertsc.org.br\/site\/wp-json\/"}],"wp:attachment":[{"href":"https:\/\/sertsc.org.br\/site\/wp-json\/wp\/v2\/media?parent=4122"}],"wp:term":[{"taxonomy":"category","embeddable":true,"href":"https:\/\/sertsc.org.br\/site\/wp-json\/wp\/v2\/categories?post=4122"},{"taxonomy":"post_tag","embeddable":true,"href":"https:\/\/sertsc.org.br\/site\/wp-json\/wp\/v2\/tags?post=4122"}],"curies":[{"name":"wp","href":"https:\/\/api.w.org\/{rel}","templated":true}]}}