{"id":4109,"date":"2017-03-28T11:40:34","date_gmt":"2017-03-28T14:40:34","guid":{"rendered":"http:\/\/www.sertsc.org.br\/site\/?p=4109"},"modified":"2017-03-28T11:40:34","modified_gmt":"2017-03-28T14:40:34","slug":"a-tv-analogica-devera-morrer-amanha-viva-a-tv-digital","status":"publish","type":"post","link":"https:\/\/sertsc.org.br\/site\/a-tv-analogica-devera-morrer-amanha-viva-a-tv-digital\/","title":{"rendered":"A TV Anal\u00f3gica dever\u00e1 morrer amanh\u00e3. Viva a TV Digital"},"content":{"rendered":"<p style=\"text-align: justify;\">Amanh\u00e3, em S\u00e3o Paulo, a TV Anal\u00f3gica, aquela que conhecemos desde 18 de setembro de 1950 e trazida ao Brasil por Assis Chateaubriand, fundador da TV Tupi de S\u00e3o Paulo sair\u00e1 do ar depois de 66 anos.<\/p>\n<p style=\"text-align: justify;\">No site da associa\u00e7\u00e3o \u201cSeja Digital\u201d (<a href=\"http:\/\/www.sejadigital.com.br%29\/\">www.sejadigital.com.br)<\/a> existe em destaque a informa\u00e7\u00e3o que mostra que o\u00a0<a href=\"http:\/\/www.telesintese.com.br\/tv-analogica-na-regiao-metropolitana-de-sp\/\" target=\"_blank\" rel=\"noopener noreferrer\">desligamento da TV anal\u00f3gica<\/a>\u00a0na cidade de S\u00e3o Paulo e da Grande S\u00e3o Paulo, ocorrer\u00e1 mesmo amanh\u00e3, dia 29.<\/p>\n<p style=\"text-align: justify;\">A Seja Digital foi criada para financiar os conversores gratuitos junto \u00e0 popula\u00e7\u00e3o de baixa renda e recebeu uma pesquisa recente do IBOPE, confirmando a ampla penetra\u00e7\u00e3o da TV digital na regi\u00e3o. Conforme fontes do Gired (grupo que conduz a migra\u00e7\u00e3o), a pesquisa apontou que 90% das resid\u00eancias j\u00e1 est\u00e3o aptas a receber o sinal digital. Conforme destaque no site da Telesintese.<\/p>\n<p style=\"text-align: justify;\">Segundo fontes do setor, o alcance de 90% foi confirmado por qualquer dos crit\u00e9rios (TV\u00a0 parab\u00f3lica, por banda C ou DTH, cabo e TV\u00a0 de tela plana com conversor). Isto significa que at\u00e9 amanh\u00e3, o percentual de cobertura j\u00e1 ter\u00e1 ultrapassado 94% das resid\u00eancias, atendendo com folga a portaria do governo que estabelece o \u00edndice de 93% de atendimento para que o desligamento do sinal efetivamente ocorra. Tal coloca\u00e7\u00e3o tamb\u00e9m foi apontada \u00a0pela Telesintese.<\/p>\n<p style=\"text-align: justify;\">Com o fim da TV Anal\u00f3gica e amparadas pela lei 12.485 de 2011, as emissoras abertas poder\u00e3o cobrar, por seu conte\u00fado digital, junto as TV por Assinatura, se assim o desejarem.<\/p>\n<p style=\"text-align: justify;\">Record, SBT e RedeTV, criaram uma associa\u00e7\u00e3o chamada Simba, fazendo analogia ao desenho da Disney, no qual o le\u00e3ozinho cresceu e descobriu que j\u00e1 era forte para enfrentar o mundo. Agora precisamos observar se o Simba deles poder\u00e1 de fato se tornar um Mico Le\u00e3o, pois em Bras\u00edlia, primeira capital do Brasil a desligar o sinal anal\u00f3gico e adotar apenas o digital, \u00a0Sky, Net e Claro retiraram as tr\u00eas emissoras do menu de canais.<\/p>\n<p style=\"text-align: justify;\">O tiro no p\u00e9 poder\u00e1 ser exatamente a diferen\u00e7a entre canal aberto para canal por assinatura. N\u00e3o precisamos ser experts em m\u00eddia para saber que canal aberto tem programa\u00e7\u00e3o gen\u00e9rica, mistura de novela, shows, not\u00edcias, esportes, etc. E vive de anunciantes nos seus breaks. J\u00e1 um canal por assinatura tem uma programa\u00e7\u00e3o tem\u00e1tica. S\u00f3 filmes, s\u00f3 shows, s\u00f3 not\u00edcias, s\u00f3 seriados, s\u00f3 esportes, etc. E cobra por oferecer isto.<\/p>\n<p style=\"text-align: justify;\">De toda forma, se a TV Anal\u00f3gica n\u00e3o for desligada amanh\u00e3, de uma coisa \u00e9 certa, n\u00e3o sobreviver\u00e1 mais alguns meses.<\/p>\n<p style=\"text-align: justify;\">Como disse em artigo recente; Daqui a pouco, a televis\u00e3o tradicional sumir\u00e1 do nosso dia-a-dia. (\u00daltimo par\u00e1grafo do cap\u00edtulo \u201cNavegando pela TV\u201d do meu livro Atra\u00e7\u00e3o Global de 1998).<\/p>\n<p style=\"text-align: justify;\">Fonte: Ad News.<\/p>\n","protected":false},"excerpt":{"rendered":"<p>Amanh\u00e3, em S\u00e3o Paulo, a TV Anal\u00f3gica, aquela que conhecemos&hellip;<\/p>\n<p> <a class=\"more-link\" href=\"https:\/\/sertsc.org.br\/site\/a-tv-analogica-devera-morrer-amanha-viva-a-tv-digital\/\">Leia mais<\/a><\/p>\n","protected":false},"author":1,"featured_media":4110,"comment_status":"closed","ping_status":"open","sticky":false,"template":"","format":"standard","meta":{"footnotes":""},"categories":[36],"tags":[],"class_list":{"0":"post-4109","1":"post","2":"type-post","3":"status-publish","4":"format-standard","5":"has-post-thumbnail","7":"category-artigos"},"_links":{"self":[{"href":"https:\/\/sertsc.org.br\/site\/wp-json\/wp\/v2\/posts\/4109","targetHints":{"allow":["GET"]}}],"collection":[{"href":"https:\/\/sertsc.org.br\/site\/wp-json\/wp\/v2\/posts"}],"about":[{"href":"https:\/\/sertsc.org.br\/site\/wp-json\/wp\/v2\/types\/post"}],"author":[{"embeddable":true,"href":"https:\/\/sertsc.org.br\/site\/wp-json\/wp\/v2\/users\/1"}],"replies":[{"embeddable":true,"href":"https:\/\/sertsc.org.br\/site\/wp-json\/wp\/v2\/comments?post=4109"}],"version-history":[{"count":0,"href":"https:\/\/sertsc.org.br\/site\/wp-json\/wp\/v2\/posts\/4109\/revisions"}],"wp:featuredmedia":[{"embeddable":true,"href":"https:\/\/sertsc.org.br\/site\/wp-json\/"}],"wp:attachment":[{"href":"https:\/\/sertsc.org.br\/site\/wp-json\/wp\/v2\/media?parent=4109"}],"wp:term":[{"taxonomy":"category","embeddable":true,"href":"https:\/\/sertsc.org.br\/site\/wp-json\/wp\/v2\/categories?post=4109"},{"taxonomy":"post_tag","embeddable":true,"href":"https:\/\/sertsc.org.br\/site\/wp-json\/wp\/v2\/tags?post=4109"}],"curies":[{"name":"wp","href":"https:\/\/api.w.org\/{rel}","templated":true}]}}