{"id":4106,"date":"2017-03-28T11:03:02","date_gmt":"2017-03-28T14:03:02","guid":{"rendered":"http:\/\/www.sertsc.org.br\/site\/?p=4106"},"modified":"2017-03-28T11:03:02","modified_gmt":"2017-03-28T14:03:02","slug":"temer-deve-impedir-que-politicos-administrem-radios-comunitarias","status":"publish","type":"post","link":"https:\/\/sertsc.org.br\/site\/temer-deve-impedir-que-politicos-administrem-radios-comunitarias\/","title":{"rendered":"Temer deve impedir que pol\u00edticos administrem r\u00e1dios comunit\u00e1rias"},"content":{"rendered":"<p style=\"text-align: justify;\">O presidente Michel Temer deve vetar at\u00e9 esta ter\u00e7a (28) manobra legislativa que autoriza pol\u00edticos a exercer cargos de diretor ou gerente em r\u00e1dios comunit\u00e1rias e retransmissoras do pa\u00eds.<\/p>\n<p style=\"text-align: justify;\">A permiss\u00e3o foi inclu\u00edda pelo Congresso em medida provis\u00f3ria enviada pelo Pal\u00e1cio do Planalto no ano passado que estabelece novas regras para renova\u00e7\u00e3o de outorga dos servi\u00e7os de r\u00e1dio e televis\u00e3o.<\/p>\n<p style=\"text-align: justify;\">O C\u00f3digo Brasileiro de Telecomunica\u00e7\u00f5es pro\u00edbe que pessoas &#8220;no gozo de imunidade parlamentar ou de foro especial&#8221; <a href=\"http:\/\/www1.folha.uol.com.br\/poder\/2014\/12\/1561839-congressistas-eleitos-tem-55-concessoes.shtml\">exer\u00e7am as fun\u00e7\u00f5es de gerente e diretor em concession\u00e1rias,<\/a> permission\u00e1rias ou autorizadas de servi\u00e7o de radiodifus\u00e3o.<\/p>\n<p style=\"text-align: justify;\">O texto remetido pelo Legislativo para san\u00e7\u00e3o presidencial, contudo, alterou o par\u00e1grafo, excluindo a proibi\u00e7\u00e3o para as autorizadas, que incluem as r\u00e1dios comunit\u00e1rias e as retransmissoras.<\/p>\n<p style=\"text-align: justify;\">A tentativa de mudan\u00e7a na legisla\u00e7\u00e3o ocorre em meio \u00e0 an\u00e1lise pelo Supremo Tribunal Federal de uma a\u00e7\u00e3o que questiona a participa\u00e7\u00e3o de pol\u00edticos nas empresas de comunica\u00e7\u00e3o.<\/p>\n<p style=\"text-align: justify;\">A atual legisla\u00e7\u00e3o n\u00e3o pro\u00edbe que pol\u00edticos sejam s\u00f3cios de r\u00e1dio ou televis\u00e3o.<\/p>\n<p style=\"text-align: justify;\">Em agosto, o procurador-geral da Rep\u00fablica, Rodrigo Janot, defendeu a proibi\u00e7\u00e3o para o comando das empresas mesmo que de forma indireta.<\/p>\n<p style=\"text-align: justify;\">Janot pediu ainda decis\u00e3o cautelar para que o governo n\u00e3o outorgue ou renove concess\u00f5es, permiss\u00f5es e autoriza\u00e7\u00f5es de radiodifus\u00e3o a pol\u00edticos, sob o argumento de que a pr\u00e1tica viola &#8220;a isonomia, o pluralismo pol\u00edtico e a soberania popular&#8221;.<\/p>\n<p style=\"text-align: justify;\">Dados divulgados no ano passado pela PGR (Procuradoria-Geral da Rep\u00fablica), com base em estat\u00edsticas da Anatel e do Tribunal Superior Eleitoral, apontam que 30 deputados federais e oito senadores s\u00e3o s\u00f3cios de empresas de radiodifus\u00e3o.<\/p>\n<p style=\"text-align: justify;\">A proposta que ser\u00e1 sancionada pelo presidente estabelece uma esp\u00e9cie de anistia para concess\u00f5es vencidas de radiodifus\u00e3o. As emissoras em situa\u00e7\u00e3o de irregularidade poder\u00e3o normalizar a situa\u00e7\u00e3o em prazo de 60 dias, a partir da san\u00e7\u00e3o da proposta.<\/p>\n<p style=\"text-align: justify;\">Folha: Folha de S\u00e3o Paulo.<\/p>\n","protected":false},"excerpt":{"rendered":"<p>O presidente Michel Temer deve vetar at\u00e9 esta ter\u00e7a (28)&hellip;<\/p>\n<p> <a class=\"more-link\" href=\"https:\/\/sertsc.org.br\/site\/temer-deve-impedir-que-politicos-administrem-radios-comunitarias\/\">Leia mais<\/a><\/p>\n","protected":false},"author":1,"featured_media":4107,"comment_status":"closed","ping_status":"open","sticky":false,"template":"","format":"standard","meta":{"footnotes":""},"categories":[3],"tags":[],"class_list":{"0":"post-4106","1":"post","2":"type-post","3":"status-publish","4":"format-standard","5":"has-post-thumbnail","7":"category-noticias"},"_links":{"self":[{"href":"https:\/\/sertsc.org.br\/site\/wp-json\/wp\/v2\/posts\/4106","targetHints":{"allow":["GET"]}}],"collection":[{"href":"https:\/\/sertsc.org.br\/site\/wp-json\/wp\/v2\/posts"}],"about":[{"href":"https:\/\/sertsc.org.br\/site\/wp-json\/wp\/v2\/types\/post"}],"author":[{"embeddable":true,"href":"https:\/\/sertsc.org.br\/site\/wp-json\/wp\/v2\/users\/1"}],"replies":[{"embeddable":true,"href":"https:\/\/sertsc.org.br\/site\/wp-json\/wp\/v2\/comments?post=4106"}],"version-history":[{"count":0,"href":"https:\/\/sertsc.org.br\/site\/wp-json\/wp\/v2\/posts\/4106\/revisions"}],"wp:featuredmedia":[{"embeddable":true,"href":"https:\/\/sertsc.org.br\/site\/wp-json\/"}],"wp:attachment":[{"href":"https:\/\/sertsc.org.br\/site\/wp-json\/wp\/v2\/media?parent=4106"}],"wp:term":[{"taxonomy":"category","embeddable":true,"href":"https:\/\/sertsc.org.br\/site\/wp-json\/wp\/v2\/categories?post=4106"},{"taxonomy":"post_tag","embeddable":true,"href":"https:\/\/sertsc.org.br\/site\/wp-json\/wp\/v2\/tags?post=4106"}],"curies":[{"name":"wp","href":"https:\/\/api.w.org\/{rel}","templated":true}]}}