{"id":4099,"date":"2017-03-27T15:41:42","date_gmt":"2017-03-27T18:41:42","guid":{"rendered":"http:\/\/www.sertsc.org.br\/site\/?p=4099"},"modified":"2017-03-27T15:41:42","modified_gmt":"2017-03-27T18:41:42","slug":"cobertura-de-tv-em-areas-de-sombra-independe-de-autorizacao-do-mcti-diz-anatel","status":"publish","type":"post","link":"https:\/\/sertsc.org.br\/site\/cobertura-de-tv-em-areas-de-sombra-independe-de-autorizacao-do-mcti-diz-anatel\/","title":{"rendered":"Cobertura de TV em \u00e1reas de sombra independe de autoriza\u00e7\u00e3o do MCTI, diz Anatel"},"content":{"rendered":"<p style=\"text-align: justify;\">As emissoras e retransmissoras de TV que funcionam em car\u00e1ter prim\u00e1rio podem instalar esta\u00e7\u00f5es retransmissoras auxiliares para cobertura de \u00e1reas de sombra sem a pr\u00e9via autoriza\u00e7\u00e3o do Minist\u00e9rio da Ci\u00eancia, Tecnologia, Inova\u00e7\u00f5es e Comunica\u00e7\u00f5es, desde que obedecidas as condi\u00e7\u00f5es estabelecidas no art. 1\u00ba da Portaria n\u00ba. 932, de 22\/08\/2014. Com essa interpreta\u00e7\u00e3o da norma, a Anatel responde a questionamento da Associa\u00e7\u00e3o Brasileira de R\u00e1dio e Televis\u00e3o (Abratel), que <a href=\"http:\/\/convergecom.com.br\/teletime\/16\/03\/2017\/abratel-pede-anatel-esclarecimento-sobre-instalacoes-em-areas-de-sombra\/\" target=\"_blank\" rel=\"noopener noreferrer\">pediu um posicionamento \u00e0 Anatel sobre gap fillers<\/a>, em fun\u00e7\u00e3o de interpreta\u00e7\u00f5es d\u00edspares da norma. Com esse entendimento, a entidade v\u00ea seguran\u00e7a jur\u00eddica para a amplia\u00e7\u00e3o r\u00e1pida das redes de televis\u00e3o.<\/p>\n<p style=\"text-align: justify;\">De acordo com a portaria, as retransmissoras auxiliares devem ser localizadas nos limites do munic\u00edpio em que foi autorizada a execu\u00e7\u00e3o do servi\u00e7o de TV ou de RTV; o canal utilizado seja o mesmo estabelecido para o respectivo servi\u00e7o; os sinais emitidos sejam id\u00eanticos ao da esta\u00e7\u00e3o principal; e a pot\u00eancia efetiva irradiada seja a m\u00ednima necess\u00e1ria para cobertura da \u00e1rea de sombra, limitada \u00e0 \u00e1rea de presta\u00e7\u00e3o do servi\u00e7o. A esta\u00e7\u00e3o deve cadastrar na Anatel os dados t\u00e9cnicos da esta\u00e7\u00e3o retransmissora auxiliar por meio do envio de projeto t\u00e9cnico.<\/p>\n<p style=\"text-align: justify;\">A Anatel, por sua vez, adotar\u00e1 as provid\u00eancias para registro dos dados das retransmissoras auxiliares para fins de cobran\u00e7a da Taxa de Fiscaliza\u00e7\u00e3o da Instala\u00e7\u00e3o (TFI). A expedi\u00e7\u00e3o da Licen\u00e7a para Funcionamento de Esta\u00e7\u00e3o ser\u00e1 disponibilizada ap\u00f3s a comprova\u00e7\u00e3o do recolhimento da taxa.<\/p>\n<p style=\"text-align: justify;\">A ag\u00eancia esclarece tamb\u00e9m que a esta\u00e7\u00e3o retransmissora auxiliar poder\u00e1 ser instalada em outra localidade, no caso de outorga em munic\u00edpios que integrem a mesma Regi\u00e3o Metropolitana (RM) ou Regi\u00e3o Integrada de Desenvolvimento Econ\u00f4mico (RIDE). Ou ainda em localidade de outro munic\u00edpio, caso a an\u00e1lise pr\u00e9via da Anatel do projeto t\u00e9cnico comprove que a cobertura te\u00f3rica, utilizando m\u00e9todo de predi\u00e7\u00e3o ponto-a-ponto, atinge a \u00e1rea urbana da localidade. Todo o procedimento pode ser acessado na p\u00e1gina da Anatel na internet, na aba &#8220;Setor Regulado&#8221;, no menu &#8220;Radiodifus\u00e3o&#8221;, diz a ag\u00eancia.<\/p>\n<p style=\"text-align: justify;\">Fonte: Tele time<\/p>\n","protected":false},"excerpt":{"rendered":"<p>As emissoras e retransmissoras de TV que funcionam em car\u00e1ter&hellip;<\/p>\n<p> <a class=\"more-link\" href=\"https:\/\/sertsc.org.br\/site\/cobertura-de-tv-em-areas-de-sombra-independe-de-autorizacao-do-mcti-diz-anatel\/\">Leia mais<\/a><\/p>\n","protected":false},"author":1,"featured_media":4100,"comment_status":"closed","ping_status":"open","sticky":false,"template":"","format":"standard","meta":{"footnotes":""},"categories":[3],"tags":[],"class_list":{"0":"post-4099","1":"post","2":"type-post","3":"status-publish","4":"format-standard","5":"has-post-thumbnail","7":"category-noticias"},"_links":{"self":[{"href":"https:\/\/sertsc.org.br\/site\/wp-json\/wp\/v2\/posts\/4099","targetHints":{"allow":["GET"]}}],"collection":[{"href":"https:\/\/sertsc.org.br\/site\/wp-json\/wp\/v2\/posts"}],"about":[{"href":"https:\/\/sertsc.org.br\/site\/wp-json\/wp\/v2\/types\/post"}],"author":[{"embeddable":true,"href":"https:\/\/sertsc.org.br\/site\/wp-json\/wp\/v2\/users\/1"}],"replies":[{"embeddable":true,"href":"https:\/\/sertsc.org.br\/site\/wp-json\/wp\/v2\/comments?post=4099"}],"version-history":[{"count":0,"href":"https:\/\/sertsc.org.br\/site\/wp-json\/wp\/v2\/posts\/4099\/revisions"}],"wp:featuredmedia":[{"embeddable":true,"href":"https:\/\/sertsc.org.br\/site\/wp-json\/"}],"wp:attachment":[{"href":"https:\/\/sertsc.org.br\/site\/wp-json\/wp\/v2\/media?parent=4099"}],"wp:term":[{"taxonomy":"category","embeddable":true,"href":"https:\/\/sertsc.org.br\/site\/wp-json\/wp\/v2\/categories?post=4099"},{"taxonomy":"post_tag","embeddable":true,"href":"https:\/\/sertsc.org.br\/site\/wp-json\/wp\/v2\/tags?post=4099"}],"curies":[{"name":"wp","href":"https:\/\/api.w.org\/{rel}","templated":true}]}}