{"id":4095,"date":"2017-03-27T13:51:15","date_gmt":"2017-03-27T16:51:15","guid":{"rendered":"http:\/\/www.sertsc.org.br\/site\/?p=4095"},"modified":"2017-03-27T13:51:15","modified_gmt":"2017-03-27T16:51:15","slug":"mais-de-90-das-residencias-da-capital-paulista-podem-desligar-a-tv-analogica","status":"publish","type":"post","link":"https:\/\/sertsc.org.br\/site\/mais-de-90-das-residencias-da-capital-paulista-podem-desligar-a-tv-analogica\/","title":{"rendered":"Mais de 90% das resid\u00eancias da Capital Paulista podem desligar a TV anal\u00f3gica"},"content":{"rendered":"<p class=\"post-subtitle subtitle\"><strong>As proje\u00e7\u00f5es indicam que nesta ter\u00e7a, 94% das resid\u00eancias da regi\u00e3o metropolitana de S\u00e3o Paulo estar\u00e3o aptas a receber o sinal da TV digital, e portanto todas as emissoras ir\u00e3o desligar as suas transmiss\u00f5es anal\u00f3gicas na quarta-feira, dia 29. At\u00e9 l\u00e1, ser\u00e3o distribu\u00eddas 1,1 milh\u00e3o de caixinhas, e faltar\u00e3o outras 900 mil a serem entregues ao longo do m\u00eas<\/strong><\/p>\n<p style=\"text-align: justify;\">O <a href=\"http:\/\/www.telesintese.com.br\/tv-analogica-na-regiao-metropolitana-de-sp\/\">desligamento da TV anal\u00f3gica<\/a> na capital paulista e regi\u00e3o do entorno ser\u00e1 mesmo efetivada na pr\u00f3xima quarta-feira, dia 29. A EAD (empresa Seja Digital que financia a transi\u00e7\u00e3o da TV anal\u00f3gica para a digital) recebeu a \u00faltima pesquisa do IBOPE, que confirma a ampla penetra\u00e7\u00e3o da TV digital na regi\u00e3o. Conforme fontes do Gired (grupo que conduz a migra\u00e7\u00e3o), a pesquisa apontou que 90% das resid\u00eancias j\u00e1 est\u00e3o aptas a receber o sinal digital.<\/p>\n<p style=\"text-align: justify;\">Segundo fontes do setor, o alcance de 90% foi confirmado por qualquer dos crit\u00e9rios \u2013 com e sem o deflator dos aparelhos com tela plana-. Isso significa que amanh\u00e3, ter\u00e7a, \u00e0s v\u00e9speras do desligamento, o percentual de cobertura j\u00e1 ter\u00e1 ultrapassado 94% das resid\u00eancias, atendendo com folga a portaria do governo que estabelece o \u00edndice de 93% de atendimento para que o desligamento do sinal efetivamente ocorra.<\/p>\n<p style=\"text-align: justify;\"><strong>Set top box<\/strong><\/p>\n<p style=\"text-align: justify;\">A distribui\u00e7\u00e3o de conversores para os integrantes do Bolsa Fam\u00edlia tamb\u00e9m est\u00e1 de vento em popa. E dever\u00e3o atingir a marca de 1,1 milh\u00e3o de set top boxes distribu\u00eddos at\u00e9 o pr\u00f3ximo dia 29. Mas a base de fam\u00edlias a receber os conversores aumentou bastante, para 2 milh\u00f5es de contemplados. Faltar\u00e3o outros 900 mil equipamentos a ser distribu\u00eddos, o que dever\u00e1 ocorrer ao longo do m\u00eas de abril.<\/p>\n<div class=\"sharedaddy sd-sharing-enabled\" style=\"text-align: justify;\">\u00a0Fonte: Tele S\u00edntese.<\/div>\n","protected":false},"excerpt":{"rendered":"<p>As proje\u00e7\u00f5es indicam que nesta ter\u00e7a, 94% das resid\u00eancias da&hellip;<\/p>\n<p> <a class=\"more-link\" href=\"https:\/\/sertsc.org.br\/site\/mais-de-90-das-residencias-da-capital-paulista-podem-desligar-a-tv-analogica\/\">Leia mais<\/a><\/p>\n","protected":false},"author":1,"featured_media":4096,"comment_status":"closed","ping_status":"open","sticky":false,"template":"","format":"standard","meta":{"footnotes":""},"categories":[3],"tags":[],"class_list":{"0":"post-4095","1":"post","2":"type-post","3":"status-publish","4":"format-standard","5":"has-post-thumbnail","7":"category-noticias"},"_links":{"self":[{"href":"https:\/\/sertsc.org.br\/site\/wp-json\/wp\/v2\/posts\/4095","targetHints":{"allow":["GET"]}}],"collection":[{"href":"https:\/\/sertsc.org.br\/site\/wp-json\/wp\/v2\/posts"}],"about":[{"href":"https:\/\/sertsc.org.br\/site\/wp-json\/wp\/v2\/types\/post"}],"author":[{"embeddable":true,"href":"https:\/\/sertsc.org.br\/site\/wp-json\/wp\/v2\/users\/1"}],"replies":[{"embeddable":true,"href":"https:\/\/sertsc.org.br\/site\/wp-json\/wp\/v2\/comments?post=4095"}],"version-history":[{"count":0,"href":"https:\/\/sertsc.org.br\/site\/wp-json\/wp\/v2\/posts\/4095\/revisions"}],"wp:featuredmedia":[{"embeddable":true,"href":"https:\/\/sertsc.org.br\/site\/wp-json\/"}],"wp:attachment":[{"href":"https:\/\/sertsc.org.br\/site\/wp-json\/wp\/v2\/media?parent=4095"}],"wp:term":[{"taxonomy":"category","embeddable":true,"href":"https:\/\/sertsc.org.br\/site\/wp-json\/wp\/v2\/categories?post=4095"},{"taxonomy":"post_tag","embeddable":true,"href":"https:\/\/sertsc.org.br\/site\/wp-json\/wp\/v2\/tags?post=4095"}],"curies":[{"name":"wp","href":"https:\/\/api.w.org\/{rel}","templated":true}]}}